{"id":31638,"date":"2014-06-10T18:25:21","date_gmt":"2014-06-10T21:25:21","guid":{"rendered":"http:\/\/aconteceunovale.com.br\/portal\/?p=31638"},"modified":"2014-06-10T18:25:21","modified_gmt":"2014-06-10T21:25:21","slug":"mais-duas-mercearias-sao-assaltadas-em-aracuai","status":"publish","type":"post","link":"https:\/\/aconteceunovale.com.br\/portal\/?p=31638","title":{"rendered":"Mais duas mercearias s\u00e3o assaltadas em Ara\u00e7ua\u00ed"},"content":{"rendered":"<p>A Pol\u00edcia procura por dois homens suspeitos de assaltarem uma mercearia, na Avenida Nuno Melo (MG), na regi\u00e3o da Baixada, em Ara\u00e7ua\u00ed, no Vale do Jequitinhonha, no in\u00edcio da noite desta segunda-feira (9). De acordo com o dono da mercaria, Oswaldo Dias,  64 anos, foram  roubados cerca de R$800.<\/p>\n<p>Segundo ele, dois homens com os rostos cobertos com camiseta e um deles, simulando estar armado, anunciou o assalto e roubaram o dinheiro que estava no caixa. Em seguida, eles fugiram \u00e0 p\u00e9  em dire\u00e7\u00e3o \u00e0 uma rua conhecida pelo tr\u00e1fico e consumo de drogas.<\/p>\n<p>Minutos depois, a pol\u00edcia militar recebeu uma den\u00fancia an\u00f4nima e deteve um ex-presidi\u00e1rio, de 34 anos, suspeito de participar do assalto. A v\u00edtima n\u00e3o o reconheceu e o homem foi liberado.<\/p>\n<p><img decoding=\"async\" src=\"http:\/\/aconteceunovale.com.br\/portal\/wp-content\/uploads\/2014\/06\/assaltos_ara_10_6.jpg\" alt=\"\" \/><em>Uma das mercearias assaltadas fica em uma das principais avenidas da cidade &#8211; Foto: Gazeta de Ara\u00e7ua\u00ed<\/em><br \/>\n<\/br><\/p>\n<h4><strong>Mais assaltos<\/strong><\/h4>\n<p>Outra mercearia tamb\u00e9m foi assaltada no s\u00e1bado (7) em Ara\u00e7ua\u00ed. O com\u00e9rcio fica na Avenida Benjamim Constant, no bairro Esplanada. De acordo com a propriet\u00e1ria, dois indiv\u00edduos,  com camisas enroladas na cabe\u00e7a, e com as m\u00e3os debaixo das jaquetas, como se estivessem armados, entraram na mercearia e anunciaram o assalto. Eles levaram em torno de R$ 400. Em seguida, eles fugiram a p\u00e9.<\/p>\n<p>A Pol\u00edcia Militar  suspeita que os autores sejam  dois homens que chegaram recentemente de Belo Horizonte e que estariam morando em uma casa alugada na Rua Tulipa, no bairro Pipoca. <\/p>\n<p>Os militares foram at\u00e9 a casa, por\u00e9m, as portas estavam fechadas e as luzes apagadas. Ningu\u00e9m foi preso.<\/p>\n<h4><strong>Indigna\u00e7\u00e3o<\/strong><\/h4>\n<p>O comerciante Oswaldo Dias est\u00e1 indignado com o aumento da viol\u00eancia em Ara\u00e7ua\u00ed.<\/p>\n<p>\u201c\u00c9 raro dia que n\u00e3o acontece um roubo, um arrombamento, um furto. Qualquer dia v\u00e3o matar um comerciante. A sociedade precisa reagir, fazer um protesto em frente ao F\u00f3rum, sair \u00e0s ruas e exigir das autoridades maior seguran\u00e7a\u201d, defende o comerciante. Para ele, os empres\u00e1rios devem exigir mais policiamento e mais viaturas.<\/p>\n<p>A Pol\u00edcia Militar se defende e diz que o patrulhamento nas ruas tem sido feito e que as a\u00e7\u00f5es contra o crime s\u00e3o constantes. \u201cMuitas vezes prendemos um suspeito que acaba sendo libertado devido \u00e0s liberalidades da lei\u201d, explica um sargento PM.<\/p>\n<p>A Pol\u00edcia Civil tem a fun\u00e7\u00e3o de investigar os crimes, mas em Ara\u00e7ua\u00ed, encontra-se desfalcada por falta de pessoal e infraestrutura.<\/p>\n<p><strong>(Gazeta de Ara\u00e7ua\u00ed)<\/strong><\/p>\n","protected":false},"excerpt":{"rendered":"<p>A Pol\u00edcia procura por dois homens suspeitos de assaltarem uma mercearia, na Avenida Nuno Melo (MG), na regi\u00e3o da Baixada, em Ara\u00e7ua\u00ed, no Vale do Jequitinhonha, no in\u00edcio da noite desta segunda-feira (9). De acordo com o dono da mercaria, Oswaldo Dias, 64 anos, foram roubados cerca de R$800. Segundo ele, dois homens com os [&hellip;]<\/p>\n","protected":false},"author":1,"featured_media":31639,"comment_status":"open","ping_status":"closed","sticky":false,"template":"","format":"standard","meta":{"amp_status":"","footnotes":""},"categories":[120],"tags":[186,8834],"class_list":["post-31638","post","type-post","status-publish","format-standard","has-post-thumbnail","hentry","category-jequi","tag-aracuai","tag-mais-duas-mercearias-sao-assaltadas-em-aracuai"],"_links":{"self":[{"href":"https:\/\/aconteceunovale.com.br\/portal\/index.php?rest_route=\/wp\/v2\/posts\/31638","targetHints":{"allow":["GET"]}}],"collection":[{"href":"https:\/\/aconteceunovale.com.br\/portal\/index.php?rest_route=\/wp\/v2\/posts"}],"about":[{"href":"https:\/\/aconteceunovale.com.br\/portal\/index.php?rest_route=\/wp\/v2\/types\/post"}],"author":[{"embeddable":true,"href":"https:\/\/aconteceunovale.com.br\/portal\/index.php?rest_route=\/wp\/v2\/users\/1"}],"replies":[{"embeddable":true,"href":"https:\/\/aconteceunovale.com.br\/portal\/index.php?rest_route=%2Fwp%2Fv2%2Fcomments&post=31638"}],"version-history":[{"count":0,"href":"https:\/\/aconteceunovale.com.br\/portal\/index.php?rest_route=\/wp\/v2\/posts\/31638\/revisions"}],"wp:featuredmedia":[{"embeddable":true,"href":"https:\/\/aconteceunovale.com.br\/portal\/index.php?rest_route=\/wp\/v2\/media\/31639"}],"wp:attachment":[{"href":"https:\/\/aconteceunovale.com.br\/portal\/index.php?rest_route=%2Fwp%2Fv2%2Fmedia&parent=31638"}],"wp:term":[{"taxonomy":"category","embeddable":true,"href":"https:\/\/aconteceunovale.com.br\/portal\/index.php?rest_route=%2Fwp%2Fv2%2Fcategories&post=31638"},{"taxonomy":"post_tag","embeddable":true,"href":"https:\/\/aconteceunovale.com.br\/portal\/index.php?rest_route=%2Fwp%2Fv2%2Ftags&post=31638"}],"curies":[{"name":"wp","href":"https:\/\/api.w.org\/{rel}","templated":true}]}}