{"id":31630,"date":"2014-06-10T18:13:23","date_gmt":"2014-06-10T21:13:23","guid":{"rendered":"http:\/\/aconteceunovale.com.br\/portal\/?p=31630"},"modified":"2014-06-10T23:25:30","modified_gmt":"2014-06-11T02:25:30","slug":"servidores-estaduais-da-saude-mantem-greve-e-ocupam-sala-da-almg","status":"publish","type":"post","link":"https:\/\/aconteceunovale.com.br\/portal\/?p=31630","title":{"rendered":"Servidores estaduais da sa\u00fade mant\u00e9m greve e ocupam sala da ALMG"},"content":{"rendered":"<p>Ainda sem receber qualquer proposta do governo, os servidores estaduais da sa\u00fade decidiram, em assembleia realizada na manh\u00e3 desta ter\u00e7a-feira (10), pela continua\u00e7\u00e3o da greve que perdura h\u00e1 15 dias. A reuni\u00e3o aconteceu no hall da Assembleia Legislativa de Minas Gerais (ALMG), que teve o sal\u00e3o do ch\u00e1 ocupado pelos manifestantes. Eles prometem permanecer no local at\u00e9 que a negocia\u00e7\u00e3o com o governo avance. Al\u00e9m disso, um grupo dos servidores ainda continua acampada em frente ao Hospital de Pronto Socorro Jo\u00e3o XXIII. <\/p>\n<p><img decoding=\"async\" src=\"http:\/\/aconteceunovale.com.br\/portal\/wp-content\/uploads\/2014\/06\/greve_saude_mg.jpg\" alt=\"\" \/><em><strong>Assembleia que decidiu pela continua\u00e7\u00e3o da greve aconteceu na manh\u00e3 desta ter\u00e7a-feira (10) &#8211; Foto: Sind-Sa\u00fade<\/strong><\/em><br \/>\n<\/br><\/p>\n<p>Segundo o Sindicato \u00danico dos Trabalhadores da Sa\u00fade (Sind-Sa\u00fade\/MG), eles foram convocados para uma reuni\u00e3o na noite de segunda-feira (9), por\u00e9m, acabaram sendo recebidos pelo chefe de gabinete da secretaria de sa\u00fade. Durante o encontro, o representante do governo teria oferecido um calend\u00e1rio de tr\u00eas meses de discuss\u00e3o sobre a pauta de reivindica\u00e7\u00f5es dos trabalhadores. Por\u00e9m, em contrapartida, a greve deveria ser suspensa.<\/p>\n<p>Com isso a categoria se disse frustrada com o encontro, j\u00e1 que em 2012 o governo fez um chamado semelhante visando a revis\u00e3o do plano de carreiras, sendo que a discuss\u00e3o levou meses e n\u00e3o resultou em nada. Assim, eles decidiram pela manuten\u00e7\u00e3o da greve e ocuparam o sal\u00e3o do ch\u00e1 da ALMG. Segundo a assessoria da casa, os manifestantes pretendem continuar ocupando o local pacificamente at\u00e9 que a discuss\u00e3o com o governo se inicie. <\/p>\n<p>Durante a assembleia, alguns deputados se comprometeram a ajudar os servidores da sa\u00fade, por\u00e9m, at\u00e9 o momento nenhuma reuni\u00e3o na ALMG foi marcada. Ainda de acordo com a assessoria da Assembleia, na sexta-feira (13) haver\u00e1 na Justi\u00e7a uma audi\u00eancia de concilia\u00e7\u00e3o entre o Estado e o sindicato. <\/p>\n<p>Ainda de acordo com o sindicato, os servidores pretendem organizar um &#8220;Arraial da Greve&#8221;, em frente ao Jo\u00e3o XXIII, visando aumentar o di\u00e1logo com a popula\u00e7\u00e3o sobre os motivos da paralisa\u00e7\u00e3o. <\/p>\n<h4><strong>Secretaria<\/strong><\/h4>\n<p>A Secretaria de Estado de Sa\u00fade (SES) informou, por meio de sua assessoria, que o Governo mant\u00e9m di\u00e1logo permanente com os servidores, por meio do Comit\u00ea de Negocia\u00e7\u00e3o Sindical (Cones) e de reuni\u00f5es espec\u00edficas, e reafirma o compromisso com o cidad\u00e3o na presta\u00e7\u00e3o dos servi\u00e7os. No final do ano passado, acordos com o Sindicato \u00danico dos Trabalhadores da Sa\u00fade de Minas Gerais (Sind-Sa\u00fade) e outras entidades representativas do Sistema de Sa\u00fade teriam sido assinados.<\/p>\n<p>Ainda conforme a SES, os pontos acordados est\u00e3o sendo cumpridos, n\u00e3o havendo motiva\u00e7\u00e3o para realiza\u00e7\u00e3o de novas manifesta\u00e7\u00f5es e paralisa\u00e7\u00f5es, conforme compromisso firmado entre a categoria e o Governo. Em rela\u00e7\u00e3o \u00e0 redu\u00e7\u00e3o da carga hor\u00e1ria semanal de 40 para 30 horas, com remunera\u00e7\u00e3o proporcional, de diversos profissionais da Funda\u00e7\u00e3o Hospitalar do Estado de Minas Gerais (Fhemig), j\u00e1 foram atendidos 2.160 pedidos, o que representa 90,79% das solicita\u00e7\u00f5es. (O Tempo)<\/p>\n","protected":false},"excerpt":{"rendered":"<p>Ainda sem receber qualquer proposta do governo, os servidores estaduais da sa\u00fade decidiram, em assembleia realizada na manh\u00e3 desta ter\u00e7a-feira (10), pela continua\u00e7\u00e3o da greve que perdura h\u00e1 15 dias. A reuni\u00e3o aconteceu no hall da Assembleia Legislativa de Minas Gerais (ALMG), que teve o sal\u00e3o do ch\u00e1 ocupado pelos manifestantes. Eles prometem permanecer no [&hellip;]<\/p>\n","protected":false},"author":1,"featured_media":31702,"comment_status":"open","ping_status":"closed","sticky":false,"template":"","format":"standard","meta":{"amp_status":"","footnotes":""},"categories":[123],"tags":[1018,8831],"class_list":["post-31630","post","type-post","status-publish","format-standard","has-post-thumbnail","hentry","category-gerais","tag-destaque","tag-servidores-estaduais-da-saude-mantem-greve-e-ocupam-sala-da-almg"],"_links":{"self":[{"href":"https:\/\/aconteceunovale.com.br\/portal\/index.php?rest_route=\/wp\/v2\/posts\/31630","targetHints":{"allow":["GET"]}}],"collection":[{"href":"https:\/\/aconteceunovale.com.br\/portal\/index.php?rest_route=\/wp\/v2\/posts"}],"about":[{"href":"https:\/\/aconteceunovale.com.br\/portal\/index.php?rest_route=\/wp\/v2\/types\/post"}],"author":[{"embeddable":true,"href":"https:\/\/aconteceunovale.com.br\/portal\/index.php?rest_route=\/wp\/v2\/users\/1"}],"replies":[{"embeddable":true,"href":"https:\/\/aconteceunovale.com.br\/portal\/index.php?rest_route=%2Fwp%2Fv2%2Fcomments&post=31630"}],"version-history":[{"count":0,"href":"https:\/\/aconteceunovale.com.br\/portal\/index.php?rest_route=\/wp\/v2\/posts\/31630\/revisions"}],"wp:featuredmedia":[{"embeddable":true,"href":"https:\/\/aconteceunovale.com.br\/portal\/index.php?rest_route=\/wp\/v2\/media\/31702"}],"wp:attachment":[{"href":"https:\/\/aconteceunovale.com.br\/portal\/index.php?rest_route=%2Fwp%2Fv2%2Fmedia&parent=31630"}],"wp:term":[{"taxonomy":"category","embeddable":true,"href":"https:\/\/aconteceunovale.com.br\/portal\/index.php?rest_route=%2Fwp%2Fv2%2Fcategories&post=31630"},{"taxonomy":"post_tag","embeddable":true,"href":"https:\/\/aconteceunovale.com.br\/portal\/index.php?rest_route=%2Fwp%2Fv2%2Ftags&post=31630"}],"curies":[{"name":"wp","href":"https:\/\/api.w.org\/{rel}","templated":true}]}}