{"id":31612,"date":"2014-06-10T17:44:41","date_gmt":"2014-06-10T20:44:41","guid":{"rendered":"http:\/\/aconteceunovale.com.br\/portal\/?p=31612"},"modified":"2014-06-10T17:44:41","modified_gmt":"2014-06-10T20:44:41","slug":"goleiro-bruno-sera-transferido-para-a-penitenciaria-de-francisco-sa","status":"publish","type":"post","link":"https:\/\/aconteceunovale.com.br\/portal\/?p=31612","title":{"rendered":"Goleiro Bruno ser\u00e1 transferido para a Penitenci\u00e1ria de Francisco S\u00e1"},"content":{"rendered":"<p>A transfer\u00eancia do goleiro Bruno Fernandes para a Penitenci\u00e1ria Francisco S\u00e1, na cidade de mesmo nome no Norte de Minas Gerais, foi publicada nesta ter\u00e7a-feira (10) no Di\u00e1rio Oficial do estado. O munic\u00edpio fica a cerca de 50 quil\u00f4metros de Montes Claros. Bruno est\u00e1 preso na Penitenci\u00e1ria Nelson Hungria, em Contagem, na Regi\u00e3o Metropolitana de Belo Horizonte, desde julho de 2010 pela morte de Eliza Samudio. Nesta ter\u00e7a-feira (10), a morte da jovem completa quatro anos, segundo o processo.<\/p>\n<p>A Subsecretaria de Administra\u00e7\u00e3o Prisional informou que Bruno deve ser transferido nos pr\u00f3ximos 20 dias. Ele ir\u00e1 para a penintenci\u00e1ria de Francisco S\u00e1 porque o pres\u00eddio de Montes Claros n\u00e3o pode ser usado para abrigas presos condenados.Ainda segundo o \u00f3rg\u00e3o, o goleiro vai cumprir pena em cela individual, de seis metros quadrados. A penitenci\u00e1ria de Francisco S\u00e1 tem capacidade para 300 detentos e, atualmente, abriga 323 presos. Todos recebem alimenta\u00e7\u00e3o balanceada com acompanhamento de nutricionistas.<\/p>\n<p>A transfer\u00eancia foi pedida pela defesa do goleiro durante a negocia\u00e7\u00e3o de um contrato de cinco anos assinado pelo atleta no dia 28 de fevereiro com o Montes Claros FC, time de mesmo nome da cidade, no Norte de Minas. A equipe disputou o M\u00f3dulo II do Campeonato Mineiro. O presidente do time, Ville Mocelin, disse que n\u00e3o foi comunicado oficialmente pelos advogados de Bruno sobre a transfer\u00eancia.<\/p>\n<p>O objetivo do advogado de Bruno, Francisco Simim, \u00e9 que cumprindo a pena perto do clube, ele possa conseguir a libera\u00e7\u00e3o para voltar aos gramados.<\/p>\n<p>Em janeiro de 2014, o advogado do goleiro disse que a defesa tentava a transfer\u00eancia do goleiro para um pres\u00eddio de Montes Claros. Na ocasi\u00e3o, o juiz da Vara de Execu\u00e7\u00f5es Penais de Contagem n\u00e3o se op\u00f4s \u00e0 mudan\u00e7a, mas o magistrado do Norte de Minas, Francisco Lacerda de Figueiredo, disse que o pres\u00eddio n\u00e3o tinha condi\u00e7\u00f5es de receber o detento, alegando superlota\u00e7\u00e3o da unidade. Esta negativa foi divulgada em mar\u00e7o deste ano.<\/p>\n<p>Bruno Fernandes foi condenado pela Justi\u00e7a de Minas a 22 anos e tr\u00eas meses de pris\u00e3o pela morte e oculta\u00e7\u00e3o do cad\u00e1ver da ex-amante, al\u00e9m do sequestro do filho da jovem. Al\u00e9m de Bruno, outras cinco pessoas foram condenadas pela morte de Eliza.<\/p>\n<h4><strong>O caso<\/strong><\/h4>\n<p>Eliza desapareceu em 2010 e seu corpo nunca foi achado. Ela tinha 25 anos e era m\u00e3e do filho rec\u00e9m-nascido do goleiro Bruno, de quem foi amante. Na \u00e9poca, o jogador era titular do Flamengo e n\u00e3o reconhecia a paternidade.<\/p>\n<p>Em mar\u00e7o de 2013, Bruno foi considerado culpado pelo homic\u00eddio triplamente qualificado, sequestro e c\u00e1rcere privado da jovem. A ex-mulher do atleta, Dayanne Rodrigues, foi julgada na mesma ocasi\u00e3o, mas foi inocentada pelo conselho de senten\u00e7a. Luiz Henrique Ferreira Rom\u00e3o, o Macarr\u00e3o, amigo de Bruno, e Fernanda Gomes de Castro, ex-namorada do atleta, j\u00e1 haviam sido condenados em novembro de 2012.<\/p>\n<p>O ex-policial Marcos Aparecido dos Santos, o Bola, foi condenado a 22 anos de pris\u00e3o. O \u00faltimo j\u00fari do caso foi realizado em agosto e condendenou Elenilson da Silva e Wemerson Marques \u2013 o Coxinha \u2013 por sequestro e c\u00e1rcere privado do filho da ex-amante do goleiro. Elenilson foi condenado a 3 anos em regime aberto e Wemerson a dois anos e meio tamb\u00e9m em regime aberto. (G1)<\/p>\n","protected":false},"excerpt":{"rendered":"<p>A transfer\u00eancia do goleiro Bruno Fernandes para a Penitenci\u00e1ria Francisco S\u00e1, na cidade de mesmo nome no Norte de Minas Gerais, foi publicada nesta ter\u00e7a-feira (10) no Di\u00e1rio Oficial do estado. O munic\u00edpio fica a cerca de 50 quil\u00f4metros de Montes Claros. Bruno est\u00e1 preso na Penitenci\u00e1ria Nelson Hungria, em Contagem, na Regi\u00e3o Metropolitana de [&hellip;]<\/p>\n","protected":false},"author":1,"featured_media":22543,"comment_status":"open","ping_status":"closed","sticky":false,"template":"","format":"standard","meta":{"amp_status":"","footnotes":""},"categories":[1236],"tags":[1018,1395,3752,8820,8822,8821],"class_list":["post-31612","post","type-post","status-publish","format-standard","has-post-thumbnail","hentry","category-norte_de_minas","tag-destaque","tag-francisco-sa","tag-goleiro-bruno","tag-goleiro-bruno-sera-transferido-para-a-penitenciaria-de-francisco-sa","tag-montes-claros-fc","tag-transferencia-do-goleiro-bruno"],"_links":{"self":[{"href":"https:\/\/aconteceunovale.com.br\/portal\/index.php?rest_route=\/wp\/v2\/posts\/31612","targetHints":{"allow":["GET"]}}],"collection":[{"href":"https:\/\/aconteceunovale.com.br\/portal\/index.php?rest_route=\/wp\/v2\/posts"}],"about":[{"href":"https:\/\/aconteceunovale.com.br\/portal\/index.php?rest_route=\/wp\/v2\/types\/post"}],"author":[{"embeddable":true,"href":"https:\/\/aconteceunovale.com.br\/portal\/index.php?rest_route=\/wp\/v2\/users\/1"}],"replies":[{"embeddable":true,"href":"https:\/\/aconteceunovale.com.br\/portal\/index.php?rest_route=%2Fwp%2Fv2%2Fcomments&post=31612"}],"version-history":[{"count":0,"href":"https:\/\/aconteceunovale.com.br\/portal\/index.php?rest_route=\/wp\/v2\/posts\/31612\/revisions"}],"wp:featuredmedia":[{"embeddable":true,"href":"https:\/\/aconteceunovale.com.br\/portal\/index.php?rest_route=\/wp\/v2\/media\/22543"}],"wp:attachment":[{"href":"https:\/\/aconteceunovale.com.br\/portal\/index.php?rest_route=%2Fwp%2Fv2%2Fmedia&parent=31612"}],"wp:term":[{"taxonomy":"category","embeddable":true,"href":"https:\/\/aconteceunovale.com.br\/portal\/index.php?rest_route=%2Fwp%2Fv2%2Fcategories&post=31612"},{"taxonomy":"post_tag","embeddable":true,"href":"https:\/\/aconteceunovale.com.br\/portal\/index.php?rest_route=%2Fwp%2Fv2%2Ftags&post=31612"}],"curies":[{"name":"wp","href":"https:\/\/api.w.org\/{rel}","templated":true}]}}