{"id":31600,"date":"2014-06-10T17:39:12","date_gmt":"2014-06-10T20:39:12","guid":{"rendered":"http:\/\/aconteceunovale.com.br\/portal\/?p=31600"},"modified":"2014-06-11T09:48:38","modified_gmt":"2014-06-11T12:48:38","slug":"rapaz-quebra-imagens-da-igreja-matriz-de-montes-claros","status":"publish","type":"post","link":"https:\/\/aconteceunovale.com.br\/portal\/?p=31600","title":{"rendered":"Rapaz quebra imagens da Igreja Matriz de Montes Claros"},"content":{"rendered":"<p>Um rapaz de 18 anos quebrou sete imagens da Igreja Matriz de Nossa Senhora e S\u00e3o Jos\u00e9, no in\u00edcio da tarde desta ter\u00e7a-feira (10), na regi\u00e3o central de Montes Claros (MG). O santu\u00e1rio \u00e9 tombado pelo patrim\u00f4nio hist\u00f3rico.<\/p>\n<p>&#8220;As imagens t\u00eam um valor muito importante, valor sentimental e religiosa para a comunidade, pois a Matriz  \u00e9 a 1\u00ba igreja de Montes Claros&#8221;, comenta Padre Dorival.<\/p>\n<p><img decoding=\"async\" src=\"http:\/\/aconteceunovale.com.br\/portal\/wp-content\/uploads\/2014\/06\/quebra_de_imagens_moc_2.jpg\" alt=\"\" \/><em>(Foto: Reprodu\u00e7\u00e3o Arquidiocese de Montes Claros)<\/em><br \/>\n<\/br><\/p>\n<p>Segundo testemunhas, ap\u00f3s quebrar as imagens de gesso e madeira, o jovem \u00cdtalo Tiago Ferreira da Silva entrou em uma igreja evang\u00e9lica, pr\u00f3ximo ao local do ocorrido. Para impedir a fuga do rapaz, os padres da Igreja da Matriz cercaram o local at\u00e9 a chegada da pol\u00edcia.<\/p>\n<p>&#8220;Est\u00e1vamos em uma reuni\u00e3o com os novos padres e de repente fomos chamados. Quando chegamos \u00e0 matriz, deparamos com uma pessoa quebrando todas as imagens&#8221;, diz o Padre Gilberto Santos Junior.<\/p>\n<p>Junto com o rapaz, a pol\u00edcia apreendeu alguns medicamentos que podem ser para o controle de dist\u00farbios mentais.<\/p>\n<p><img decoding=\"async\" src=\"http:\/\/aconteceunovale.com.br\/portal\/wp-content\/uploads\/2014\/06\/quebra_de_imagens_moc_10.jpg\" alt=\"\" \/><em>(Rapaz que quebrou as imagens &#8211; Foto: Reprodu\u00e7\u00e3o Arquidiocese de Montes Claros)<\/em><br \/>\n<\/br><\/p>\n<p><strong>GALERIA DE FOTOS:<\/strong><br \/>\n<em>(Fotos: Reprodu\u00e7\u00e3o Arquidiocese de Montes Claros)<\/em><\/p>\n<div id='gallery-1' class='gallery galleryid-31600 gallery-columns-5 gallery-size-thumbnail'><figure class='gallery-item'>\n\t\t\t<div class='gallery-icon landscape'>\n\t\t\t\t<a href='https:\/\/aconteceunovale.com.br\/portal\/wp-content\/uploads\/2014\/06\/quebra_de_imagens_moc_10.jpg'><img loading=\"lazy\" decoding=\"async\" width=\"150\" height=\"150\" src=\"https:\/\/aconteceunovale.com.br\/portal\/wp-content\/uploads\/2014\/06\/quebra_de_imagens_moc_10-150x150.jpg\" class=\"attachment-thumbnail size-thumbnail\" alt=\"\" \/><\/a>\n\t\t\t<\/div><\/figure><figure class='gallery-item'>\n\t\t\t<div class='gallery-icon landscape'>\n\t\t\t\t<a href='https:\/\/aconteceunovale.com.br\/portal\/wp-content\/uploads\/2014\/06\/quebra_de_imagens_moc_9.jpg'><img loading=\"lazy\" decoding=\"async\" width=\"150\" height=\"150\" src=\"https:\/\/aconteceunovale.com.br\/portal\/wp-content\/uploads\/2014\/06\/quebra_de_imagens_moc_9-150x150.jpg\" class=\"attachment-thumbnail size-thumbnail\" alt=\"\" \/><\/a>\n\t\t\t<\/div><\/figure><figure class='gallery-item'>\n\t\t\t<div class='gallery-icon landscape'>\n\t\t\t\t<a href='https:\/\/aconteceunovale.com.br\/portal\/wp-content\/uploads\/2014\/06\/quebra_de_imagens_moc_8.jpg'><img loading=\"lazy\" decoding=\"async\" width=\"150\" height=\"150\" src=\"https:\/\/aconteceunovale.com.br\/portal\/wp-content\/uploads\/2014\/06\/quebra_de_imagens_moc_8-150x150.jpg\" class=\"attachment-thumbnail size-thumbnail\" alt=\"\" \/><\/a>\n\t\t\t<\/div><\/figure><figure class='gallery-item'>\n\t\t\t<div class='gallery-icon landscape'>\n\t\t\t\t<a href='https:\/\/aconteceunovale.com.br\/portal\/wp-content\/uploads\/2014\/06\/quebra_de_imagens_moc_7.jpg'><img loading=\"lazy\" decoding=\"async\" width=\"150\" height=\"150\" src=\"https:\/\/aconteceunovale.com.br\/portal\/wp-content\/uploads\/2014\/06\/quebra_de_imagens_moc_7-150x150.jpg\" class=\"attachment-thumbnail size-thumbnail\" alt=\"\" \/><\/a>\n\t\t\t<\/div><\/figure><figure class='gallery-item'>\n\t\t\t<div class='gallery-icon landscape'>\n\t\t\t\t<a href='https:\/\/aconteceunovale.com.br\/portal\/wp-content\/uploads\/2014\/06\/quebra_de_imagens_moc_6.jpg'><img loading=\"lazy\" decoding=\"async\" width=\"150\" height=\"150\" src=\"https:\/\/aconteceunovale.com.br\/portal\/wp-content\/uploads\/2014\/06\/quebra_de_imagens_moc_6-150x150.jpg\" class=\"attachment-thumbnail size-thumbnail\" alt=\"\" \/><\/a>\n\t\t\t<\/div><\/figure><figure class='gallery-item'>\n\t\t\t<div class='gallery-icon landscape'>\n\t\t\t\t<a href='https:\/\/aconteceunovale.com.br\/portal\/wp-content\/uploads\/2014\/06\/quebra_de_imagens_moc_1.jpg'><img loading=\"lazy\" decoding=\"async\" width=\"150\" height=\"150\" src=\"https:\/\/aconteceunovale.com.br\/portal\/wp-content\/uploads\/2014\/06\/quebra_de_imagens_moc_1-150x150.jpg\" class=\"attachment-thumbnail size-thumbnail\" alt=\"\" \/><\/a>\n\t\t\t<\/div><\/figure><figure class='gallery-item'>\n\t\t\t<div class='gallery-icon landscape'>\n\t\t\t\t<a href='https:\/\/aconteceunovale.com.br\/portal\/wp-content\/uploads\/2014\/06\/quebra_de_imagens_moc_2.jpg'><img loading=\"lazy\" decoding=\"async\" width=\"150\" height=\"150\" src=\"https:\/\/aconteceunovale.com.br\/portal\/wp-content\/uploads\/2014\/06\/quebra_de_imagens_moc_2-150x150.jpg\" class=\"attachment-thumbnail size-thumbnail\" alt=\"\" \/><\/a>\n\t\t\t<\/div><\/figure><figure class='gallery-item'>\n\t\t\t<div class='gallery-icon landscape'>\n\t\t\t\t<a href='https:\/\/aconteceunovale.com.br\/portal\/wp-content\/uploads\/2014\/06\/quebra_de_imagens_moc_3.jpg'><img loading=\"lazy\" decoding=\"async\" width=\"150\" height=\"150\" src=\"https:\/\/aconteceunovale.com.br\/portal\/wp-content\/uploads\/2014\/06\/quebra_de_imagens_moc_3-150x150.jpg\" class=\"attachment-thumbnail size-thumbnail\" alt=\"\" \/><\/a>\n\t\t\t<\/div><\/figure><figure class='gallery-item'>\n\t\t\t<div class='gallery-icon landscape'>\n\t\t\t\t<a href='https:\/\/aconteceunovale.com.br\/portal\/wp-content\/uploads\/2014\/06\/quebra_de_imagens_moc_4.jpg'><img loading=\"lazy\" decoding=\"async\" width=\"150\" height=\"150\" src=\"https:\/\/aconteceunovale.com.br\/portal\/wp-content\/uploads\/2014\/06\/quebra_de_imagens_moc_4-150x150.jpg\" class=\"attachment-thumbnail size-thumbnail\" alt=\"\" \/><\/a>\n\t\t\t<\/div><\/figure><figure class='gallery-item'>\n\t\t\t<div class='gallery-icon landscape'>\n\t\t\t\t<a href='https:\/\/aconteceunovale.com.br\/portal\/wp-content\/uploads\/2014\/06\/quebra_de_imagens_moc_5.jpg'><img loading=\"lazy\" decoding=\"async\" width=\"150\" height=\"150\" src=\"https:\/\/aconteceunovale.com.br\/portal\/wp-content\/uploads\/2014\/06\/quebra_de_imagens_moc_5-150x150.jpg\" class=\"attachment-thumbnail size-thumbnail\" alt=\"\" \/><\/a>\n\t\t\t<\/div><\/figure>\n\t\t<\/div>\n\n","protected":false},"excerpt":{"rendered":"<p>Um rapaz de 18 anos quebrou sete imagens da Igreja Matriz de Nossa Senhora e S\u00e3o Jos\u00e9, no in\u00edcio da tarde desta ter\u00e7a-feira (10), na regi\u00e3o central de Montes Claros (MG). O santu\u00e1rio \u00e9 tombado pelo patrim\u00f4nio hist\u00f3rico. &#8220;As imagens t\u00eam um valor muito importante, valor sentimental e religiosa para a comunidade, pois a Matriz [&hellip;]<\/p>\n","protected":false},"author":1,"featured_media":31602,"comment_status":"open","ping_status":"closed","sticky":false,"template":"","format":"standard","meta":{"amp_status":"","footnotes":""},"categories":[1236],"tags":[1018,210,8819],"class_list":["post-31600","post","type-post","status-publish","format-standard","has-post-thumbnail","hentry","category-norte_de_minas","tag-destaque","tag-montes-claros","tag-rapaz-quebra-imagens-da-igreja-matriz-de-montes-claros"],"_links":{"self":[{"href":"https:\/\/aconteceunovale.com.br\/portal\/index.php?rest_route=\/wp\/v2\/posts\/31600","targetHints":{"allow":["GET"]}}],"collection":[{"href":"https:\/\/aconteceunovale.com.br\/portal\/index.php?rest_route=\/wp\/v2\/posts"}],"about":[{"href":"https:\/\/aconteceunovale.com.br\/portal\/index.php?rest_route=\/wp\/v2\/types\/post"}],"author":[{"embeddable":true,"href":"https:\/\/aconteceunovale.com.br\/portal\/index.php?rest_route=\/wp\/v2\/users\/1"}],"replies":[{"embeddable":true,"href":"https:\/\/aconteceunovale.com.br\/portal\/index.php?rest_route=%2Fwp%2Fv2%2Fcomments&post=31600"}],"version-history":[{"count":0,"href":"https:\/\/aconteceunovale.com.br\/portal\/index.php?rest_route=\/wp\/v2\/posts\/31600\/revisions"}],"wp:featuredmedia":[{"embeddable":true,"href":"https:\/\/aconteceunovale.com.br\/portal\/index.php?rest_route=\/wp\/v2\/media\/31602"}],"wp:attachment":[{"href":"https:\/\/aconteceunovale.com.br\/portal\/index.php?rest_route=%2Fwp%2Fv2%2Fmedia&parent=31600"}],"wp:term":[{"taxonomy":"category","embeddable":true,"href":"https:\/\/aconteceunovale.com.br\/portal\/index.php?rest_route=%2Fwp%2Fv2%2Fcategories&post=31600"},{"taxonomy":"post_tag","embeddable":true,"href":"https:\/\/aconteceunovale.com.br\/portal\/index.php?rest_route=%2Fwp%2Fv2%2Ftags&post=31600"}],"curies":[{"name":"wp","href":"https:\/\/api.w.org\/{rel}","templated":true}]}}