{"id":31585,"date":"2014-06-10T12:05:46","date_gmt":"2014-06-10T15:05:46","guid":{"rendered":"http:\/\/aconteceunovale.com.br\/portal\/?p=31585"},"modified":"2014-06-10T12:05:46","modified_gmt":"2014-06-10T15:05:46","slug":"capotamento-de-veiculo-deixa-uma-vitima-fatal-e-seis-feridas-na-lmg-650-no-vale-do-jequitinhonha","status":"publish","type":"post","link":"https:\/\/aconteceunovale.com.br\/portal\/?p=31585","title":{"rendered":"Capotamento de ve\u00edculo deixa uma v\u00edtima fatal e seis feridas na LMG-650, no Vale do Jequitinhonha"},"content":{"rendered":"<p>Uma pessoa morreu e seis ficaram feridas em um capotamento de ve\u00edculo ocorrido nesta segunda-feira, 9 de junho, na altura do quil\u00f4metro 118 da rodovia LMG-650, em Medina, no Vale do Jequitinhonha.<\/p>\n<p>Segundo informa\u00e7\u00f5es da Pol\u00edcia Militar, o condutor teria perdido o controle direcional do ve\u00edculo, um Fiorino de cor branca, e capotado. Daniel Dias da Silva Neto, de 21 anos, Alencar Trindade Amaral, de 51, Aderval Resende Silva, de 22, Paulo C\u00e9sar Rodrigues de Oliveira, de 20, Maria Geralda da Silva Ramalho, de 48, Yuri Fortunado Ferraz, de 20, e Emmanuel Vin\u00edcius Lima de Barros, 17 anos, ficaram feridos e foram encaminhados para o Hospital Santa Rita, em Medina. Segundo um enfermeiro de plant\u00e3o do hospital, o jovem Daniel Dias da Silva Neto, j\u00e1 chegou ao local sem vida. Posteriormente quatro v\u00edtimas foram transferidas para um hospital de Itaobim, devido a gravidade dos ferimentos. <\/p>\n<p>Em consulta no sistema, a PM constatou que o ve\u00edculo n\u00e3o estava devidamente licenciado, sendo lavrado o auto de infra\u00e7\u00e3o de tr\u00e2nsito. O ve\u00edculo foi removido do local e encaminhado para um p\u00e1tio credenciado em Pedra Azul.<\/p>\n","protected":false},"excerpt":{"rendered":"<p>Uma pessoa morreu e seis ficaram feridas em um capotamento de ve\u00edculo ocorrido nesta segunda-feira, 9 de junho, na altura do quil\u00f4metro 118 da rodovia LMG-650, em Medina, no Vale do Jequitinhonha. Segundo informa\u00e7\u00f5es da Pol\u00edcia Militar, o condutor teria perdido o controle direcional do ve\u00edculo, um Fiorino de cor branca, e capotado. Daniel Dias [&hellip;]<\/p>\n","protected":false},"author":1,"featured_media":31586,"comment_status":"open","ping_status":"closed","sticky":false,"template":"","format":"standard","meta":{"amp_status":"","footnotes":""},"categories":[120],"tags":[8813,8812,391,389,455],"class_list":["post-31585","post","type-post","status-publish","format-standard","has-post-thumbnail","hentry","category-jequi","tag-capotamento-de-veiculo-deixa-uma-vitima-fatal-e-seis-feridas-em-medina","tag-capotamento-de-veiculo-deixa-uma-vitima-fatal-e-seis-feridas-na-lmg-650","tag-itaobim","tag-medina","tag-pedra-azul"],"_links":{"self":[{"href":"https:\/\/aconteceunovale.com.br\/portal\/index.php?rest_route=\/wp\/v2\/posts\/31585","targetHints":{"allow":["GET"]}}],"collection":[{"href":"https:\/\/aconteceunovale.com.br\/portal\/index.php?rest_route=\/wp\/v2\/posts"}],"about":[{"href":"https:\/\/aconteceunovale.com.br\/portal\/index.php?rest_route=\/wp\/v2\/types\/post"}],"author":[{"embeddable":true,"href":"https:\/\/aconteceunovale.com.br\/portal\/index.php?rest_route=\/wp\/v2\/users\/1"}],"replies":[{"embeddable":true,"href":"https:\/\/aconteceunovale.com.br\/portal\/index.php?rest_route=%2Fwp%2Fv2%2Fcomments&post=31585"}],"version-history":[{"count":0,"href":"https:\/\/aconteceunovale.com.br\/portal\/index.php?rest_route=\/wp\/v2\/posts\/31585\/revisions"}],"wp:featuredmedia":[{"embeddable":true,"href":"https:\/\/aconteceunovale.com.br\/portal\/index.php?rest_route=\/wp\/v2\/media\/31586"}],"wp:attachment":[{"href":"https:\/\/aconteceunovale.com.br\/portal\/index.php?rest_route=%2Fwp%2Fv2%2Fmedia&parent=31585"}],"wp:term":[{"taxonomy":"category","embeddable":true,"href":"https:\/\/aconteceunovale.com.br\/portal\/index.php?rest_route=%2Fwp%2Fv2%2Fcategories&post=31585"},{"taxonomy":"post_tag","embeddable":true,"href":"https:\/\/aconteceunovale.com.br\/portal\/index.php?rest_route=%2Fwp%2Fv2%2Ftags&post=31585"}],"curies":[{"name":"wp","href":"https:\/\/api.w.org\/{rel}","templated":true}]}}