{"id":31567,"date":"2014-06-10T11:02:03","date_gmt":"2014-06-10T14:02:03","guid":{"rendered":"http:\/\/aconteceunovale.com.br\/portal\/?p=31567"},"modified":"2014-06-10T11:02:03","modified_gmt":"2014-06-10T14:02:03","slug":"policial-militar-aposentado-e-morto-a-tiros-enquanto-escoltava-empresario-em-montes-claros","status":"publish","type":"post","link":"https:\/\/aconteceunovale.com.br\/portal\/?p=31567","title":{"rendered":"Policial Militar aposentado \u00e9 morto a tiros enquanto escoltava empres\u00e1rio em Montes Claros"},"content":{"rendered":"<p>Um policial militar aposentado foi assassinado, no fim da noite dessa segunda-feira (9), em Montes Claros, no Norte de Minas. A v\u00edtima fazia a seguran\u00e7a de um comerciante quando foi abordada por quatro assaltantes.<\/p>\n<p>De acordo com o boletim de ocorr\u00eancia da Pol\u00edcia Militar, o empres\u00e1rio contou \u00e0 corpora\u00e7\u00e3o que fechou seu com\u00e9rcio e foi embora para casa em seu carro. Jo\u00e3o de Oliveira Silva, que n\u00e3o teve a idade revelada, seguia atr\u00e1s em uma motocicleta.<\/p>\n<p>J\u00e1 na rua Campo Belo, no bairro Doutor Jo\u00e3o Alves, as v\u00edtimas foram surpreendidas por quatro homens que estavam em uma Twiter e uma Titan. Sem dizer nada, os criminosos come\u00e7aram a atirar. Silva foi atingido na cabe\u00e7a, ombros e costas.<\/p>\n<p>Ap\u00f3s os disparos, os suspeitos foram at\u00e9 o carro, anunciaram o roubo e amea\u00e7aram o comerciante com um rev\u00f3lver calibre 38. Os ladr\u00f5es fugiram levando uma pasta com cheques, duplicatas e o dinheiro. O valor total roubado n\u00e3o foi divulgado e os suspeitos ainda n\u00e3o foram identificados.<\/p>\n<p>Ap\u00f3s a fuga dos ladr\u00f5es, a v\u00edtima acionou o Servi\u00e7o de Atendimento M\u00f3vel de Urg\u00eancia (Samu), mas Silva n\u00e3o resistiu aos ferimentos. A arma do policial foi levada pelos bandidos. <\/p>\n<h4><strong>Outro caso<\/strong><\/h4>\n<p>Em 14 dias, este \u00e9 o segundo caso de assassinato na cidade de policial militar reformado. No dia 26 de maio,  Jairo Soares Silva, de 49 anos, morreu ap\u00f3s ser baleado \u00e0s margens da BR-251.<\/p>\n<p>Ele escoltava um carro que transportava um malote de um posto de combust\u00edveis. Ningu\u00e9m foi preso. <\/p>\n","protected":false},"excerpt":{"rendered":"<p>Um policial militar aposentado foi assassinado, no fim da noite dessa segunda-feira (9), em Montes Claros, no Norte de Minas. A v\u00edtima fazia a seguran\u00e7a de um comerciante quando foi abordada por quatro assaltantes. De acordo com o boletim de ocorr\u00eancia da Pol\u00edcia Militar, o empres\u00e1rio contou \u00e0 corpora\u00e7\u00e3o que fechou seu com\u00e9rcio e foi [&hellip;]<\/p>\n","protected":false},"author":1,"featured_media":19256,"comment_status":"open","ping_status":"closed","sticky":false,"template":"","format":"standard","meta":{"amp_status":"","footnotes":""},"categories":[1236],"tags":[8009,8803,210,8804],"class_list":["post-31567","post","type-post","status-publish","format-standard","has-post-thumbnail","hentry","category-norte_de_minas","tag-jairo-soares-silva","tag-joao-de-oliveira-silva","tag-montes-claros","tag-policial-militar-aposentado-e-morto-a-tiros-enquanto-escoltava-empresario-em-montes-claros"],"_links":{"self":[{"href":"https:\/\/aconteceunovale.com.br\/portal\/index.php?rest_route=\/wp\/v2\/posts\/31567","targetHints":{"allow":["GET"]}}],"collection":[{"href":"https:\/\/aconteceunovale.com.br\/portal\/index.php?rest_route=\/wp\/v2\/posts"}],"about":[{"href":"https:\/\/aconteceunovale.com.br\/portal\/index.php?rest_route=\/wp\/v2\/types\/post"}],"author":[{"embeddable":true,"href":"https:\/\/aconteceunovale.com.br\/portal\/index.php?rest_route=\/wp\/v2\/users\/1"}],"replies":[{"embeddable":true,"href":"https:\/\/aconteceunovale.com.br\/portal\/index.php?rest_route=%2Fwp%2Fv2%2Fcomments&post=31567"}],"version-history":[{"count":0,"href":"https:\/\/aconteceunovale.com.br\/portal\/index.php?rest_route=\/wp\/v2\/posts\/31567\/revisions"}],"wp:featuredmedia":[{"embeddable":true,"href":"https:\/\/aconteceunovale.com.br\/portal\/index.php?rest_route=\/wp\/v2\/media\/19256"}],"wp:attachment":[{"href":"https:\/\/aconteceunovale.com.br\/portal\/index.php?rest_route=%2Fwp%2Fv2%2Fmedia&parent=31567"}],"wp:term":[{"taxonomy":"category","embeddable":true,"href":"https:\/\/aconteceunovale.com.br\/portal\/index.php?rest_route=%2Fwp%2Fv2%2Fcategories&post=31567"},{"taxonomy":"post_tag","embeddable":true,"href":"https:\/\/aconteceunovale.com.br\/portal\/index.php?rest_route=%2Fwp%2Fv2%2Ftags&post=31567"}],"curies":[{"name":"wp","href":"https:\/\/api.w.org\/{rel}","templated":true}]}}