{"id":31495,"date":"2014-06-09T18:11:07","date_gmt":"2014-06-09T21:11:07","guid":{"rendered":"http:\/\/aconteceunovale.com.br\/portal\/?p=31495"},"modified":"2014-06-09T18:11:08","modified_gmt":"2014-06-09T21:11:08","slug":"homem-morre-carbonizado-apos-acidente-entre-dois-veiculos-proximo-a-governador-valadares","status":"publish","type":"post","link":"https:\/\/aconteceunovale.com.br\/portal\/?p=31495","title":{"rendered":"Homem morre carbonizado ap\u00f3s acidente entre dois ve\u00edculos pr\u00f3ximo a Governador Valadares"},"content":{"rendered":"<p>Um homem morreu carbonizado ap\u00f3s um acidente na noite deste domingo, 8 de junho, na altura do quil\u00f4metro 412 da BR-116, pr\u00f3ximo a Governador Valadares, no Leste de Minas Gerais. De acordo com o Corpo de Bombeiros, um dos condutores disse que o outro ve\u00edculo invadiu a contram\u00e3o.<\/p>\n<p>O carro que seguia sentido Governador Valadares\/Te\u00f3filo Otoni, pegou fogo com o impacto da colis\u00e3o e foi totalmente incendiado. O motorista morreu no local. Sete bombeiros utilizaram tr\u00eas mil litros de \u00e1gua no combate \u00e0s chamas.<\/p>\n<p>Os dois ocupantes do outro carro com placa de Pirassununga (SP) ficaram feridos. Eles foram socorridos e encaminhados para o Hospital Municipal de Governador Valadares.<\/p>\n<p><img decoding=\"async\" src=\"http:\/\/aconteceunovale.com.br\/portal\/wp-content\/uploads\/2014\/06\/carbonizado_gv_09_06.jpg\" alt=\"\" \/><em>(Foto: Corpo de Bombeiros de Governador Valadares)<\/em><\/p>\n","protected":false},"excerpt":{"rendered":"<p>Um homem morreu carbonizado ap\u00f3s um acidente na noite deste domingo, 8 de junho, na altura do quil\u00f4metro 412 da BR-116, pr\u00f3ximo a Governador Valadares, no Leste de Minas Gerais. De acordo com o Corpo de Bombeiros, um dos condutores disse que o outro ve\u00edculo invadiu a contram\u00e3o. O carro que seguia sentido Governador Valadares\/Te\u00f3filo [&hellip;]<\/p>\n","protected":false},"author":1,"featured_media":31496,"comment_status":"open","ping_status":"closed","sticky":false,"template":"","format":"standard","meta":{"amp_status":"","footnotes":""},"categories":[121],"tags":[247,8772,8773,164],"class_list":["post-31495","post","type-post","status-publish","format-standard","has-post-thumbnail","hentry","category-leste","tag-governador-valadares","tag-homem-morre-carbonizado-apos-acidente-entre-dois-veiculos-proximo-a-governador-valadares","tag-pirassununga","tag-teofilo-otoni"],"_links":{"self":[{"href":"https:\/\/aconteceunovale.com.br\/portal\/index.php?rest_route=\/wp\/v2\/posts\/31495","targetHints":{"allow":["GET"]}}],"collection":[{"href":"https:\/\/aconteceunovale.com.br\/portal\/index.php?rest_route=\/wp\/v2\/posts"}],"about":[{"href":"https:\/\/aconteceunovale.com.br\/portal\/index.php?rest_route=\/wp\/v2\/types\/post"}],"author":[{"embeddable":true,"href":"https:\/\/aconteceunovale.com.br\/portal\/index.php?rest_route=\/wp\/v2\/users\/1"}],"replies":[{"embeddable":true,"href":"https:\/\/aconteceunovale.com.br\/portal\/index.php?rest_route=%2Fwp%2Fv2%2Fcomments&post=31495"}],"version-history":[{"count":0,"href":"https:\/\/aconteceunovale.com.br\/portal\/index.php?rest_route=\/wp\/v2\/posts\/31495\/revisions"}],"wp:featuredmedia":[{"embeddable":true,"href":"https:\/\/aconteceunovale.com.br\/portal\/index.php?rest_route=\/wp\/v2\/media\/31496"}],"wp:attachment":[{"href":"https:\/\/aconteceunovale.com.br\/portal\/index.php?rest_route=%2Fwp%2Fv2%2Fmedia&parent=31495"}],"wp:term":[{"taxonomy":"category","embeddable":true,"href":"https:\/\/aconteceunovale.com.br\/portal\/index.php?rest_route=%2Fwp%2Fv2%2Fcategories&post=31495"},{"taxonomy":"post_tag","embeddable":true,"href":"https:\/\/aconteceunovale.com.br\/portal\/index.php?rest_route=%2Fwp%2Fv2%2Ftags&post=31495"}],"curies":[{"name":"wp","href":"https:\/\/api.w.org\/{rel}","templated":true}]}}