{"id":31451,"date":"2014-06-09T12:36:29","date_gmt":"2014-06-09T15:36:29","guid":{"rendered":"http:\/\/aconteceunovale.com.br\/portal\/?p=31451"},"modified":"2014-06-09T12:38:11","modified_gmt":"2014-06-09T15:38:11","slug":"obras-do-hospital-regional-de-governador-valadares-estao-em-ritmo-acelerado","status":"publish","type":"post","link":"https:\/\/aconteceunovale.com.br\/portal\/?p=31451","title":{"rendered":"Obras do Hospital Regional de Governador Valadares est\u00e3o em ritmo acelerado"},"content":{"rendered":"<h4><strong>A nova unidade conta com investimentos do Governo de Minas, sendo R$ 83,2 milh\u00f5es na constru\u00e7\u00e3o e R$ 40 milh\u00f5es no aparelhamento do hospital<\/strong><\/h4>\n<p>O novo Hospital Regional de Governador Valadares, que integrar\u00e1 a Rede de Urg\u00eancia e Emerg\u00eancia da Secretaria de Estado de Sa\u00fade de Minas Gerais (SES-MG), est\u00e1 com suas obras em ritmo acelerado, cumprindo o cronograma e com quase toda sua estrutura pronta. A previs\u00e3o \u00e9 de que a obra seja conclu\u00edda em outubro de 2015.<\/p>\n<p><img decoding=\"async\" src=\"http:\/\/aconteceunovale.com.br\/portal\/wp-content\/uploads\/2014\/06\/hospital-regional-de-governador-valadares-esta-com-obras-em-ritmo-acelerado.jpg\" alt=\"\" \/><em>O novo hospital ter\u00e1 capacidade para 250 leitos, sendo 40 de UTI, al\u00e9m de um Heliponto &#8211; Foto: Frederico Bussinger<\/em><br \/>\n<\/br><\/p>\n<p>O Governo de Minas est\u00e1 investindo no empreendimento  R$ 83,2 milh\u00f5es na constru\u00e7\u00e3o. Al\u00e9m disso, outros R$ 40 milh\u00f5es ser\u00e3o alocados no aparelhamento do hospital com mobili\u00e1rio e equipamentos.<\/p>\n<p>A nova unidade ter\u00e1 capacidade para 250 leitos, sendo 40 de UTI e tamb\u00e9m contar\u00e1 com Heliponto, para atender, em m\u00e9dia e alta complexidade, uma popula\u00e7\u00e3o de 1,5 milh\u00e3o de pessoas, de 86 munic\u00edpios da macrorregi\u00e3o leste,  englobando os munic\u00edpios das regi\u00f5es de Sa\u00fade de Governador Valadares e Coronel Fabriciano.<\/p>\n<p>\u201cA SES-MG vem estruturando as redes de aten\u00e7\u00e3o \u00e0 sa\u00fade, utilizando par\u00e2metros como popula\u00e7\u00e3o definida, pontos de aten\u00e7\u00e3o e organiza\u00e7\u00e3o das redes para resposta \u00e0s condi\u00e7\u00f5es cr\u00f4nicas, que s\u00e3o responsabilidade da aten\u00e7\u00e3o prim\u00e1ria, e resposta \u00e0s condi\u00e7\u00f5es agudas, que deve ter como premissas o paciente certo, no local mais adequado e no tempo certo. O Hospital Regional \u00e9 um dos componentes dessa Rede de Urg\u00eancia e emerg\u00eancia que ir\u00e1 permitir acesso e atendimento \u00e0s popula\u00e7\u00f5es das regi\u00f5es ampliada de Sa\u00fade de Coronel Fabriciano e Governador Valadares, garantindo a resposta na redu\u00e7\u00e3o da mortalidade e sequelas em caso de atendimentos de urg\u00eancia\u201d, ressaltou a superintendente Regional de Sa\u00fade de Governador Valadares, Sheila Aparecida Ribeiro Furbino<\/p>\n<p>A obra, que est\u00e1 sendo executada pelo Cons\u00f3rcio mineiro-paulista Socienge \u2013 Engeform e conta com 280 trabalhadores, j\u00e1 est\u00e1 com os quatro blocos levantados e interligados. No Bloco B, j\u00e1 est\u00e1 em fase de constru\u00e7\u00e3o a \u00faltima laje. O Bloco A, onde ficar\u00e1 a parte administrativa, est\u00e1 recebendo revestimento externo. Todos os blocos j\u00e1 estar\u00e3o com suas estruturas externas prontas at\u00e9 o in\u00edcio de junho, quanto tamb\u00e9m ser\u00e1 iniciada a fase de instala\u00e7\u00f5es da parte interna, hidr\u00e1ulicas e el\u00e9tricas.<\/p>\n<p>Outro aspecto do projeto de constru\u00e7\u00e3o, \u00e9 que o Hospital Regional de Governador Valadares foi projetado para ter ilumina\u00e7\u00e3o e ventila\u00e7\u00e3o natural, com jardins entre os blocos, beneficiando espa\u00e7os internos, dentro das premissas da arquitetura bioclim\u00e1tica. O projeto contempla sistemas eficientes e inteligentes, como o uso da energia solar, o reaproveitamento da \u00e1gua de chuva e tratamento da \u00e1gua antes do descarte.<\/p>\n<p>O presidente do Cosems Regional de Governador Valadares e secret\u00e1rio de Sa\u00fade de Engenheiro Caldas, Edson Alves do Nascimento, classificou a nova unidade hospitalar como um grande avan\u00e7o para a sa\u00fade da Macrorregi\u00e3o Leste. \u201cTeremos um hospital com car\u00e1ter realmente  regional, dentro das normativas da Rede de Urg\u00eancia e Emerg\u00eancia. \u00c9 uma obra important\u00edssima para toda a regi\u00e3o, que h\u00e1 tempo carece de uma unidade hospitalar com esta voca\u00e7\u00e3o e que vai propiciar um aumento significativo da quantidade de leitos e uma melhor estrutura para atendimento da popula\u00e7\u00e3o\u201d, afirmou.<\/p>\n<p>O prefeito de Gonzaga, J\u00falio Maria de Souza, salientou tamb\u00e9m a import\u00e2ncia do novo Hospital. \u201cEu quero agradecer ao ex-governador Ant\u00f4nio Anastasia e ao atual governador Alberto Pinto Coelho por esta iniciativa porque, s\u00f3 n\u00f3s da ponta, nos munic\u00edpios, \u00e9 que sabemos realmente o benef\u00edcio que este investimento trar\u00e1 a sa\u00fade da popula\u00e7\u00e3o de toda a regi\u00e3o\u201d, salientou.<\/p>\n<p>O secret\u00e1rio de Sa\u00fade de Resplendor, Urias Dornelles, pontuou os benef\u00edcios advindos com o Hospital Regional. \u201cTeremos aumento da capacidade de atendimento, bem como da resolutividade de nossas demandas, nos dando maior tranquilidade e seguran\u00e7a nas a\u00e7\u00f5es de sa\u00fade. Al\u00e9m disso, ir\u00e1 desafogar o Hospital Municipal de Governador Valadares, que hoje cumpre um papel regional e vai tamb\u00e9m proporcionar, inclusive, economia de recursos, evitando remo\u00e7\u00f5es de pacientes que hoje \u00e0s vezes, s\u00e3o deslocados para atendimento para mais de 1.200 quil\u00f4metros do munic\u00edpio\u201d, comentou.<\/p>\n<p>Al\u00e9m do Hospital Regional, Governador Valadares sediar\u00e1 tamb\u00e9m o Samu Regional, que vai integrar a Rede de Urg\u00eancia e Emerg\u00eancia da cidade e regi\u00e3o. Ser\u00e3o cerca de 50 ambul\u00e2ncias dispon\u00edveis para a popula\u00e7\u00e3o, al\u00e9m de um helic\u00f3ptero equipado para resgate.<\/p>\n","protected":false},"excerpt":{"rendered":"<p>A nova unidade conta com investimentos do Governo de Minas, sendo R$ 83,2 milh\u00f5es na constru\u00e7\u00e3o e R$ 40 milh\u00f5es no aparelhamento do hospital O novo Hospital Regional de Governador Valadares, que integrar\u00e1 a Rede de Urg\u00eancia e Emerg\u00eancia da Secretaria de Estado de Sa\u00fade de Minas Gerais (SES-MG), est\u00e1 com suas obras em ritmo [&hellip;]<\/p>\n","protected":false},"author":1,"featured_media":31452,"comment_status":"open","ping_status":"closed","sticky":false,"template":"","format":"standard","meta":{"amp_status":"","footnotes":""},"categories":[121],"tags":[1018,247,8739,8737,8738,8740],"class_list":["post-31451","post","type-post","status-publish","format-standard","has-post-thumbnail","hentry","category-leste","tag-destaque","tag-governador-valadares","tag-hospital-regional-de-governador-valadares","tag-hospital-regional-de-governador-valadares-esta-com-obras-em-ritmo-acelerado","tag-novo-hospital-regional-de-governador-valadares","tag-obras-do-hospital-regional-de-governador-valadares-estao-em-ritmo-acelerado"],"_links":{"self":[{"href":"https:\/\/aconteceunovale.com.br\/portal\/index.php?rest_route=\/wp\/v2\/posts\/31451","targetHints":{"allow":["GET"]}}],"collection":[{"href":"https:\/\/aconteceunovale.com.br\/portal\/index.php?rest_route=\/wp\/v2\/posts"}],"about":[{"href":"https:\/\/aconteceunovale.com.br\/portal\/index.php?rest_route=\/wp\/v2\/types\/post"}],"author":[{"embeddable":true,"href":"https:\/\/aconteceunovale.com.br\/portal\/index.php?rest_route=\/wp\/v2\/users\/1"}],"replies":[{"embeddable":true,"href":"https:\/\/aconteceunovale.com.br\/portal\/index.php?rest_route=%2Fwp%2Fv2%2Fcomments&post=31451"}],"version-history":[{"count":0,"href":"https:\/\/aconteceunovale.com.br\/portal\/index.php?rest_route=\/wp\/v2\/posts\/31451\/revisions"}],"wp:featuredmedia":[{"embeddable":true,"href":"https:\/\/aconteceunovale.com.br\/portal\/index.php?rest_route=\/wp\/v2\/media\/31452"}],"wp:attachment":[{"href":"https:\/\/aconteceunovale.com.br\/portal\/index.php?rest_route=%2Fwp%2Fv2%2Fmedia&parent=31451"}],"wp:term":[{"taxonomy":"category","embeddable":true,"href":"https:\/\/aconteceunovale.com.br\/portal\/index.php?rest_route=%2Fwp%2Fv2%2Fcategories&post=31451"},{"taxonomy":"post_tag","embeddable":true,"href":"https:\/\/aconteceunovale.com.br\/portal\/index.php?rest_route=%2Fwp%2Fv2%2Ftags&post=31451"}],"curies":[{"name":"wp","href":"https:\/\/api.w.org\/{rel}","templated":true}]}}