{"id":31405,"date":"2014-06-08T20:41:22","date_gmt":"2014-06-08T23:41:22","guid":{"rendered":"http:\/\/aconteceunovale.com.br\/portal\/?p=31405"},"modified":"2014-06-08T20:41:31","modified_gmt":"2014-06-08T23:41:31","slug":"tres-pessoas-morrem-e-sete-ficam-feridas-em-grave-acidente-na-br-116-entre-itaobim-e-padre-paraiso","status":"publish","type":"post","link":"https:\/\/aconteceunovale.com.br\/portal\/?p=31405","title":{"rendered":"Tr\u00eas pessoas morrem e sete ficam feridas em grave acidente na BR-116, entre Itaobim e Padre Para\u00edso"},"content":{"rendered":"<p>Uma batida entre dois ve\u00edculos deixou tr\u00eas v\u00edtimas fatais e sete feridas por volta das 20 horas da noite de ontem, 7 de junho, na altura do quil\u00f4metro 117, entre Itaobim e Padre Para\u00edso, no Vale do Jequitinhonha.<\/p>\n<p>Segundo informa\u00e7\u00f5es da Pol\u00edcia Rodovi\u00e1ria Federal, o motorista de um ve\u00edculo que seguia no sentido ao munic\u00edpio de Itaobim, perdeu o controle da dire\u00e7\u00e3o, invadiu a pista contr\u00e1ria e bateu de frente com outro carro.<\/p>\n<p>Em cada um dos ve\u00edculos havia cinco pessoas. Os corpos ainda n\u00e3o foram identificados. Os feridos foram atendidos no Hospital de Padre Para\u00edso, no Vale do Jequitinhonha. Entre os feridos est\u00e3o um beb\u00ea de 4 meses, duas crian\u00e7as de 5 e 12 anos, um adolescente de 15 e um homem de 45 anos.<\/p>\n<p>O hospital informou apenas que dois pacientes seguem internados sob observa\u00e7\u00e3o. Outros dois foram transferidos, mas o hospital n\u00e3o informou para qual cidade.<\/p>\n","protected":false},"excerpt":{"rendered":"<p>Uma batida entre dois ve\u00edculos deixou tr\u00eas v\u00edtimas fatais e sete feridas por volta das 20 horas da noite de ontem, 7 de junho, na altura do quil\u00f4metro 117, entre Itaobim e Padre Para\u00edso, no Vale do Jequitinhonha. Segundo informa\u00e7\u00f5es da Pol\u00edcia Rodovi\u00e1ria Federal, o motorista de um ve\u00edculo que seguia no sentido ao munic\u00edpio [&hellip;]<\/p>\n","protected":false},"author":1,"featured_media":31407,"comment_status":"open","ping_status":"closed","sticky":false,"template":"","format":"standard","meta":{"amp_status":"","footnotes":""},"categories":[120],"tags":[8703,8702,8699,8700,8701,8698,8697,391,572,8704],"class_list":["post-31405","post","type-post","status-publish","format-standard","has-post-thumbnail","hentry","category-jequi","tag-acidente-perto-de-itaobim","tag-acidente-perto-de-padre-paraiso","tag-batida-entre-dois-carros-na-br-116","tag-batida-entre-dois-carros-perto-de-itaobim","tag-batida-entre-dois-carros-perto-de-padre-paraiso","tag-batida-entre-dois-veiculos-deixa-tres-vitimas-fatais-e-sete-feridas-entre-itaobim-e-padre-paraiso","tag-batida-entre-dois-veiculos-deixa-tres-vitimas-fatais-e-sete-feridas-na-br-116","tag-itaobim","tag-padre-paraiso","tag-tres-pessoas-morrem-e-sete-ficam-feridas-em-grave-acidente-na-br-116"],"_links":{"self":[{"href":"https:\/\/aconteceunovale.com.br\/portal\/index.php?rest_route=\/wp\/v2\/posts\/31405","targetHints":{"allow":["GET"]}}],"collection":[{"href":"https:\/\/aconteceunovale.com.br\/portal\/index.php?rest_route=\/wp\/v2\/posts"}],"about":[{"href":"https:\/\/aconteceunovale.com.br\/portal\/index.php?rest_route=\/wp\/v2\/types\/post"}],"author":[{"embeddable":true,"href":"https:\/\/aconteceunovale.com.br\/portal\/index.php?rest_route=\/wp\/v2\/users\/1"}],"replies":[{"embeddable":true,"href":"https:\/\/aconteceunovale.com.br\/portal\/index.php?rest_route=%2Fwp%2Fv2%2Fcomments&post=31405"}],"version-history":[{"count":0,"href":"https:\/\/aconteceunovale.com.br\/portal\/index.php?rest_route=\/wp\/v2\/posts\/31405\/revisions"}],"wp:featuredmedia":[{"embeddable":true,"href":"https:\/\/aconteceunovale.com.br\/portal\/index.php?rest_route=\/wp\/v2\/media\/31407"}],"wp:attachment":[{"href":"https:\/\/aconteceunovale.com.br\/portal\/index.php?rest_route=%2Fwp%2Fv2%2Fmedia&parent=31405"}],"wp:term":[{"taxonomy":"category","embeddable":true,"href":"https:\/\/aconteceunovale.com.br\/portal\/index.php?rest_route=%2Fwp%2Fv2%2Fcategories&post=31405"},{"taxonomy":"post_tag","embeddable":true,"href":"https:\/\/aconteceunovale.com.br\/portal\/index.php?rest_route=%2Fwp%2Fv2%2Ftags&post=31405"}],"curies":[{"name":"wp","href":"https:\/\/api.w.org\/{rel}","templated":true}]}}