{"id":31403,"date":"2014-06-08T15:21:31","date_gmt":"2014-06-08T18:21:31","guid":{"rendered":"http:\/\/aconteceunovale.com.br\/portal\/?p=31403"},"modified":"2014-06-08T15:21:31","modified_gmt":"2014-06-08T18:21:31","slug":"acidente-entre-tres-caminhoes-deixa-motorista-em-estado-grave-e-interdita-a-br-135-em-curvelo","status":"publish","type":"post","link":"https:\/\/aconteceunovale.com.br\/portal\/?p=31403","title":{"rendered":"Acidente entre tr\u00eas caminh\u00f5es deixa motorista em estado grave e interdita a BR-135 em Curvelo"},"content":{"rendered":"<p>Um motorista ficou gravemente ferido em um acidente na manh\u00e3 deste domingo (8), em Curvelo, na regi\u00e3o Central de Minas. Interdi\u00e7\u00e3o j\u00e1 passa de oito horas. Segundo a Pol\u00edcia Rodovi\u00e1ria Federal (PRF), uma carreta carregada com combust\u00edvel tombou e pegou fogo na altura do quil\u00f4metro 660, na BR-135. <\/p>\n<p>No momento do tombamento, outro caminh\u00e3o, que seguia atr\u00e1s, tentou desviar, mas em uma manobra brusca bateu de frente com um terceiro ve\u00edculo de carga. Um dos motoristas, ainda n\u00e3o identificado, ficou preso \u00e0s ferragens, e foi socorrido pelo Corpo de Bombeiros e encaminhado para o Hospital Imaculada Concei\u00e7\u00e3o. Os bombeiros atuaram ainda no combate \u00e0s chamas. <\/p>\n<p>Ainda segundo a PRF, o trecho \u00e9 de pista simples e segue interditado nos dois sentidos. Op\u00e7\u00e3o de desvio \u00e9 feito pela BR-040, passando por Felixl\u00e2ndia, pegando a BR-259 at\u00e9 Curvelo, e percorrendo 54 quil\u00f4metros a mais.<\/p>\n","protected":false},"excerpt":{"rendered":"<p>Um motorista ficou gravemente ferido em um acidente na manh\u00e3 deste domingo (8), em Curvelo, na regi\u00e3o Central de Minas. Interdi\u00e7\u00e3o j\u00e1 passa de oito horas. Segundo a Pol\u00edcia Rodovi\u00e1ria Federal (PRF), uma carreta carregada com combust\u00edvel tombou e pegou fogo na altura do quil\u00f4metro 660, na BR-135. No momento do tombamento, outro caminh\u00e3o, que [&hellip;]<\/p>\n","protected":false},"author":1,"featured_media":29200,"comment_status":"open","ping_status":"closed","sticky":false,"template":"","format":"standard","meta":{"amp_status":"","footnotes":""},"categories":[123],"tags":[8695,8696,8694,197],"class_list":["post-31403","post","type-post","status-publish","format-standard","has-post-thumbnail","hentry","category-gerais","tag-acidente-com-caminhoes-em-curvelo","tag-acidente-com-tres-caminhoes-em-curvelo","tag-acidente-entre-tres-caminhoes-deixa-motorista-em-estado-grave-e-interdita-a-br-135-em-curvelo","tag-curvelo"],"_links":{"self":[{"href":"https:\/\/aconteceunovale.com.br\/portal\/index.php?rest_route=\/wp\/v2\/posts\/31403","targetHints":{"allow":["GET"]}}],"collection":[{"href":"https:\/\/aconteceunovale.com.br\/portal\/index.php?rest_route=\/wp\/v2\/posts"}],"about":[{"href":"https:\/\/aconteceunovale.com.br\/portal\/index.php?rest_route=\/wp\/v2\/types\/post"}],"author":[{"embeddable":true,"href":"https:\/\/aconteceunovale.com.br\/portal\/index.php?rest_route=\/wp\/v2\/users\/1"}],"replies":[{"embeddable":true,"href":"https:\/\/aconteceunovale.com.br\/portal\/index.php?rest_route=%2Fwp%2Fv2%2Fcomments&post=31403"}],"version-history":[{"count":0,"href":"https:\/\/aconteceunovale.com.br\/portal\/index.php?rest_route=\/wp\/v2\/posts\/31403\/revisions"}],"wp:featuredmedia":[{"embeddable":true,"href":"https:\/\/aconteceunovale.com.br\/portal\/index.php?rest_route=\/wp\/v2\/media\/29200"}],"wp:attachment":[{"href":"https:\/\/aconteceunovale.com.br\/portal\/index.php?rest_route=%2Fwp%2Fv2%2Fmedia&parent=31403"}],"wp:term":[{"taxonomy":"category","embeddable":true,"href":"https:\/\/aconteceunovale.com.br\/portal\/index.php?rest_route=%2Fwp%2Fv2%2Fcategories&post=31403"},{"taxonomy":"post_tag","embeddable":true,"href":"https:\/\/aconteceunovale.com.br\/portal\/index.php?rest_route=%2Fwp%2Fv2%2Ftags&post=31403"}],"curies":[{"name":"wp","href":"https:\/\/api.w.org\/{rel}","templated":true}]}}