{"id":31392,"date":"2014-06-08T14:29:45","date_gmt":"2014-06-08T17:29:45","guid":{"rendered":"http:\/\/aconteceunovale.com.br\/portal\/?p=31392"},"modified":"2014-06-08T14:31:07","modified_gmt":"2014-06-08T17:31:07","slug":"colisao-frontal-deixa-tres-vitimas-fatais-e-duas-criancas-feridas-na-br-116-em-medina","status":"publish","type":"post","link":"https:\/\/aconteceunovale.com.br\/portal\/?p=31392","title":{"rendered":"Colis\u00e3o frontal deixa tr\u00eas v\u00edtimas fatais e duas crian\u00e7as feridas na BR-116, em Medina"},"content":{"rendered":"<h4><strong>Acidente aconteceu na noite deste s\u00e1bado (7), no Vale do Jequitinhonha. Corpos, ainda n\u00e3o identificados, foram levados para o IML de Pedra Azul.<\/strong><\/h4>\n<p>Um grave acidente envolvendo um caminh\u00e3o e um ve\u00edculo de passeio deixou tr\u00eas pessoas mortas e duas crian\u00e7as feridas na noite deste s\u00e1bado, 7 de junho, na altura do quil\u00f4metro 88 da BR-116, pr\u00f3ximo a Medina, no Vale do Jequitinhonha.<\/p>\n<p>De acordo com informa\u00e7\u00f5es da Pol\u00edcia Rodovi\u00e1ria Federal, ap\u00f3s uma colis\u00e3o frontal, o autom\u00f3vel pegou fogo, e tr\u00eas pessoas que ainda n\u00e3o foram identificadas morreram carbonizadas.<\/p>\n<p>Duas crian\u00e7as de 9 e 10 anos que estavam no ve\u00edculo sobreviveram. Ainda de acordo com a PRF, uma das crian\u00e7as foi encaminhada ao Hospital Municipal de Medina e outra levada para o Hospital do Vale do Jequitinhonha, em Itaobim.<\/p>\n<p>Os corpos das v\u00edtimas foram encaminhados para o Instituto M\u00e9dico Legal de Pedra Azul. Os hospitais ainda n\u00e3o forneceram informa\u00e7\u00f5es sobre o estado de sa\u00fade das duas crian\u00e7as.<\/p>\n","protected":false},"excerpt":{"rendered":"<p>Acidente aconteceu na noite deste s\u00e1bado (7), no Vale do Jequitinhonha. Corpos, ainda n\u00e3o identificados, foram levados para o IML de Pedra Azul. Um grave acidente envolvendo um caminh\u00e3o e um ve\u00edculo de passeio deixou tr\u00eas pessoas mortas e duas crian\u00e7as feridas na noite deste s\u00e1bado, 7 de junho, na altura do quil\u00f4metro 88 da [&hellip;]<\/p>\n","protected":false},"author":1,"featured_media":31396,"comment_status":"open","ping_status":"closed","sticky":false,"template":"","format":"standard","meta":{"amp_status":"","footnotes":""},"categories":[120],"tags":[8689,8688,391,389,455],"class_list":["post-31392","post","type-post","status-publish","format-standard","has-post-thumbnail","hentry","category-jequi","tag-colisao-frontal-deixa-tres-vitimas-fatais-e-duas-criancas-feridas-na-br-116","tag-colisao-frontal-deixa-tres-vitimas-fatais-e-duas-criancas-feridas-na-br-116-em-medina","tag-itaobim","tag-medina","tag-pedra-azul"],"_links":{"self":[{"href":"https:\/\/aconteceunovale.com.br\/portal\/index.php?rest_route=\/wp\/v2\/posts\/31392","targetHints":{"allow":["GET"]}}],"collection":[{"href":"https:\/\/aconteceunovale.com.br\/portal\/index.php?rest_route=\/wp\/v2\/posts"}],"about":[{"href":"https:\/\/aconteceunovale.com.br\/portal\/index.php?rest_route=\/wp\/v2\/types\/post"}],"author":[{"embeddable":true,"href":"https:\/\/aconteceunovale.com.br\/portal\/index.php?rest_route=\/wp\/v2\/users\/1"}],"replies":[{"embeddable":true,"href":"https:\/\/aconteceunovale.com.br\/portal\/index.php?rest_route=%2Fwp%2Fv2%2Fcomments&post=31392"}],"version-history":[{"count":0,"href":"https:\/\/aconteceunovale.com.br\/portal\/index.php?rest_route=\/wp\/v2\/posts\/31392\/revisions"}],"wp:featuredmedia":[{"embeddable":true,"href":"https:\/\/aconteceunovale.com.br\/portal\/index.php?rest_route=\/wp\/v2\/media\/31396"}],"wp:attachment":[{"href":"https:\/\/aconteceunovale.com.br\/portal\/index.php?rest_route=%2Fwp%2Fv2%2Fmedia&parent=31392"}],"wp:term":[{"taxonomy":"category","embeddable":true,"href":"https:\/\/aconteceunovale.com.br\/portal\/index.php?rest_route=%2Fwp%2Fv2%2Fcategories&post=31392"},{"taxonomy":"post_tag","embeddable":true,"href":"https:\/\/aconteceunovale.com.br\/portal\/index.php?rest_route=%2Fwp%2Fv2%2Ftags&post=31392"}],"curies":[{"name":"wp","href":"https:\/\/api.w.org\/{rel}","templated":true}]}}