{"id":31358,"date":"2014-06-08T09:40:36","date_gmt":"2014-06-08T12:40:36","guid":{"rendered":"http:\/\/aconteceunovale.com.br\/portal\/?p=31358"},"modified":"2014-06-08T09:40:36","modified_gmt":"2014-06-08T12:40:36","slug":"colisao-frontal-entre-moto-e-caminhao-deixa-vitima-fatal-em-coronel-fabriciano","status":"publish","type":"post","link":"https:\/\/aconteceunovale.com.br\/portal\/?p=31358","title":{"rendered":"Colis\u00e3o frontal entre moto e caminh\u00e3o deixa v\u00edtima fatal em Coronel Fabriciano"},"content":{"rendered":"<p>Um homem de 30 anos, identificado como FERNANDO DE PAULA GABRIEL MOREIRA, morreu ap\u00f3s um acidente na manh\u00e3 de ontem, 7 de junho, pr\u00f3ximo ao Bairro Mangabeiras, em Coronel Fabriciano, no Leste de Minas Gerais.<\/p>\n<p>Segundo relatos de populares, a v\u00edtima perdeu o controle da motocicleta Yamaha Factor, placa de Tim\u00f3teo, e invadiu a pista contr\u00e1ria, colidindo frontalmente com um caminh\u00e3o, placas HIJ-4505, de Contagem\/MG.<\/p>\n<p>Com o impacto da batida, a v\u00edtima morreu no local. O motorista do caminh\u00e3o, Ant\u00f4nio Carlos Silva, de 29 anos, n\u00e3o teve ferimentos.<\/p>\n<p>A per\u00edcia t\u00e9cnica da Pol\u00edcia Civil foi acionada e ap\u00f3s os procedimentos de praxe, o corpo foi removido para o IML de Ipatinga.<\/p>\n","protected":false},"excerpt":{"rendered":"<p>Um homem de 30 anos, identificado como FERNANDO DE PAULA GABRIEL MOREIRA, morreu ap\u00f3s um acidente na manh\u00e3 de ontem, 7 de junho, pr\u00f3ximo ao Bairro Mangabeiras, em Coronel Fabriciano, no Leste de Minas Gerais. Segundo relatos de populares, a v\u00edtima perdeu o controle da motocicleta Yamaha Factor, placa de Tim\u00f3teo, e invadiu a pista [&hellip;]<\/p>\n","protected":false},"author":1,"featured_media":31359,"comment_status":"open","ping_status":"closed","sticky":false,"template":"","format":"standard","meta":{"amp_status":"","footnotes":""},"categories":[121],"tags":[8669,8667,956,1524,8668,1105],"class_list":["post-31358","post","type-post","status-publish","format-standard","has-post-thumbnail","hentry","category-leste","tag-antonio-carlos-silva","tag-colisao-frontal-entre-moto-e-caminhao-deixa-vitima-fatal-em-coronel-fabriciano","tag-contagem","tag-coronel-fabriciano","tag-fernando-de-paula-gabriel-moreira","tag-timoteo"],"_links":{"self":[{"href":"https:\/\/aconteceunovale.com.br\/portal\/index.php?rest_route=\/wp\/v2\/posts\/31358","targetHints":{"allow":["GET"]}}],"collection":[{"href":"https:\/\/aconteceunovale.com.br\/portal\/index.php?rest_route=\/wp\/v2\/posts"}],"about":[{"href":"https:\/\/aconteceunovale.com.br\/portal\/index.php?rest_route=\/wp\/v2\/types\/post"}],"author":[{"embeddable":true,"href":"https:\/\/aconteceunovale.com.br\/portal\/index.php?rest_route=\/wp\/v2\/users\/1"}],"replies":[{"embeddable":true,"href":"https:\/\/aconteceunovale.com.br\/portal\/index.php?rest_route=%2Fwp%2Fv2%2Fcomments&post=31358"}],"version-history":[{"count":0,"href":"https:\/\/aconteceunovale.com.br\/portal\/index.php?rest_route=\/wp\/v2\/posts\/31358\/revisions"}],"wp:featuredmedia":[{"embeddable":true,"href":"https:\/\/aconteceunovale.com.br\/portal\/index.php?rest_route=\/wp\/v2\/media\/31359"}],"wp:attachment":[{"href":"https:\/\/aconteceunovale.com.br\/portal\/index.php?rest_route=%2Fwp%2Fv2%2Fmedia&parent=31358"}],"wp:term":[{"taxonomy":"category","embeddable":true,"href":"https:\/\/aconteceunovale.com.br\/portal\/index.php?rest_route=%2Fwp%2Fv2%2Fcategories&post=31358"},{"taxonomy":"post_tag","embeddable":true,"href":"https:\/\/aconteceunovale.com.br\/portal\/index.php?rest_route=%2Fwp%2Fv2%2Ftags&post=31358"}],"curies":[{"name":"wp","href":"https:\/\/api.w.org\/{rel}","templated":true}]}}