{"id":31348,"date":"2014-06-08T09:02:59","date_gmt":"2014-06-08T12:02:59","guid":{"rendered":"http:\/\/aconteceunovale.com.br\/portal\/?p=31348"},"modified":"2014-06-08T09:02:59","modified_gmt":"2014-06-08T12:02:59","slug":"segunda-edicao-do-festao-na-roca-devera-reunir-grande-publico-em-capelinha","status":"publish","type":"post","link":"https:\/\/aconteceunovale.com.br\/portal\/?p=31348","title":{"rendered":"Segunda edi\u00e7\u00e3o do Fest\u00e3o na Ro\u00e7a dever\u00e1 reunir grande p\u00fablico em Capelinha"},"content":{"rendered":"<p>Acontece no pr\u00f3ximo dia 12 de julho, o segundo Fest\u00e3o da Ro\u00e7a, em Capelinha, no Vale do Jequitinhonha. O Evento promovido pela Comunidade Batista Vida Nova e Associa\u00e7\u00e3o Brasileira Miss\u00e3o Ideal ser\u00e1 realizado na Rua Belo Horizonte, em frente \u00e0 sede da Igreja e ter\u00e1 in\u00edcio a partir das 19 horas. A expectativa dos organizadores \u00e9 que centenas de fam\u00edlias de todas as religi\u00f5es e cren\u00e7as sejam reunidas no local.<\/p>\n<p>A segunda edi\u00e7\u00e3o do Fest\u00e3o na Ro\u00e7a entra de vez no calend\u00e1rio de festas de Capelinha. Em 2014, a grande atra\u00e7\u00e3o \u00e9 o cantor Felipe Col\u00e1cio, de Belo Horizonte. O evento ainda contar\u00e1 com apresenta\u00e7\u00f5es de diversos artistas locais e regionais, que ir\u00e3o dividir o palco e animar o p\u00fablico ao som de diversos ritmos musicais. <\/p>\n<p>Em clima de festa junina, v\u00e1rias barracas ser\u00e3o disponibilizadas ao p\u00fablico, que poder\u00e3o saborear del\u00edcias como past\u00e9is, canjica, caldos, tropeiro, entre v\u00e1rios outras. <\/p>\n<p><img decoding=\"async\" src=\"http:\/\/aconteceunovale.com.br\/portal\/wp-content\/uploads\/2014\/06\/festa_na_roca_2013.jpg\" alt=\"\" \/><em>Primeira edi\u00e7\u00e3o do evento, em 2013, reuniu cerca de 1500 pessoas &#8211; Foto: Divulga\u00e7\u00e3o<\/em><\/p>\n","protected":false},"excerpt":{"rendered":"<p>Acontece no pr\u00f3ximo dia 12 de julho, o segundo Fest\u00e3o da Ro\u00e7a, em Capelinha, no Vale do Jequitinhonha. O Evento promovido pela Comunidade Batista Vida Nova e Associa\u00e7\u00e3o Brasileira Miss\u00e3o Ideal ser\u00e1 realizado na Rua Belo Horizonte, em frente \u00e0 sede da Igreja e ter\u00e1 in\u00edcio a partir das 19 horas. A expectativa dos organizadores [&hellip;]<\/p>\n","protected":false},"author":1,"featured_media":31349,"comment_status":"open","ping_status":"closed","sticky":false,"template":"","format":"standard","meta":{"amp_status":"","footnotes":""},"categories":[125],"tags":[132,8660,8662,8661,8659],"class_list":["post-31348","post","type-post","status-publish","format-standard","has-post-thumbnail","hentry","category-noticias","tag-capelinha","tag-festao-da-roca","tag-festao-da-roca-2014","tag-festao-da-roca-em-capelinha","tag-segunda-edicao-do-festao-na-roca-devera-reunir-grande-publico-em-capelinha"],"_links":{"self":[{"href":"https:\/\/aconteceunovale.com.br\/portal\/index.php?rest_route=\/wp\/v2\/posts\/31348","targetHints":{"allow":["GET"]}}],"collection":[{"href":"https:\/\/aconteceunovale.com.br\/portal\/index.php?rest_route=\/wp\/v2\/posts"}],"about":[{"href":"https:\/\/aconteceunovale.com.br\/portal\/index.php?rest_route=\/wp\/v2\/types\/post"}],"author":[{"embeddable":true,"href":"https:\/\/aconteceunovale.com.br\/portal\/index.php?rest_route=\/wp\/v2\/users\/1"}],"replies":[{"embeddable":true,"href":"https:\/\/aconteceunovale.com.br\/portal\/index.php?rest_route=%2Fwp%2Fv2%2Fcomments&post=31348"}],"version-history":[{"count":0,"href":"https:\/\/aconteceunovale.com.br\/portal\/index.php?rest_route=\/wp\/v2\/posts\/31348\/revisions"}],"wp:featuredmedia":[{"embeddable":true,"href":"https:\/\/aconteceunovale.com.br\/portal\/index.php?rest_route=\/wp\/v2\/media\/31349"}],"wp:attachment":[{"href":"https:\/\/aconteceunovale.com.br\/portal\/index.php?rest_route=%2Fwp%2Fv2%2Fmedia&parent=31348"}],"wp:term":[{"taxonomy":"category","embeddable":true,"href":"https:\/\/aconteceunovale.com.br\/portal\/index.php?rest_route=%2Fwp%2Fv2%2Fcategories&post=31348"},{"taxonomy":"post_tag","embeddable":true,"href":"https:\/\/aconteceunovale.com.br\/portal\/index.php?rest_route=%2Fwp%2Fv2%2Ftags&post=31348"}],"curies":[{"name":"wp","href":"https:\/\/api.w.org\/{rel}","templated":true}]}}