{"id":31334,"date":"2014-06-07T21:58:42","date_gmt":"2014-06-08T00:58:42","guid":{"rendered":"http:\/\/aconteceunovale.com.br\/portal\/?p=31334"},"modified":"2014-06-08T14:11:18","modified_gmt":"2014-06-08T17:11:18","slug":"homem-e-encontrado-morto-dentro-de-caminhonete-em-governador-valadares","status":"publish","type":"post","link":"https:\/\/aconteceunovale.com.br\/portal\/?p=31334","title":{"rendered":"Homem \u00e9 encontrado morto dentro de caminhonete em Governador Valadares"},"content":{"rendered":"<p>Um ex-sargento da Pol\u00edcia Militar, de 49 anos, foi encontrado morto na noite deste s\u00e1bado, 07 de junho, pr\u00f3ximo ao Anel Rodovi\u00e1rio, na BR-259, em Governador Valadares, no Vale do Rio Doce.<\/p>\n<p>Populares encontraram a v\u00edtima dentro de uma caminhonete preta e acionaram a pol\u00edcia. De acordo com as primeiras informa\u00e7\u00f5es, ROBERTO CARLOS CAMILO REIS, foi executado por disparos de arma de fogo. A pol\u00edcia trabalha com a possibilidade de que o homem tenha sido morto em outra \u00e1rea da cidade ou zona rural e posteriormente deixado no local onde foi encontrado.<\/p>\n<p>A per\u00edcia t\u00e9cnica da Pol\u00edcia Civil foi acionada e ap\u00f3s os procedimentos de praxe o corpo foi removido para o IML de Governador Valadares. A pol\u00edcia ainda n\u00e3o divulgou informa\u00e7\u00f5es sobre a motiva\u00e7\u00e3o do crime ou se t\u00eam suspeitos.<\/p>\n<p><img decoding=\"async\" src=\"http:\/\/aconteceunovale.com.br\/portal\/wp-content\/uploads\/2014\/06\/morto_gv_07_06_1.jpg\" alt=\"\" \/><em>(Foto: Roberto Higino \/ Caso de Pol\u00edcia)<\/em><br \/>\n<\/br><\/p>\n<p><img decoding=\"async\" src=\"http:\/\/aconteceunovale.com.br\/portal\/wp-content\/uploads\/2014\/06\/morto_gv_07_06_2.jpg\" alt=\"\" \/><em>(Foto: GV Alerta \/ TV Rio Doce)<\/em><\/p>\n","protected":false},"excerpt":{"rendered":"<p>Um ex-sargento da Pol\u00edcia Militar, de 49 anos, foi encontrado morto na noite deste s\u00e1bado, 07 de junho, pr\u00f3ximo ao Anel Rodovi\u00e1rio, na BR-259, em Governador Valadares, no Vale do Rio Doce. Populares encontraram a v\u00edtima dentro de uma caminhonete preta e acionaram a pol\u00edcia. De acordo com as primeiras informa\u00e7\u00f5es, ROBERTO CARLOS CAMILO REIS, [&hellip;]<\/p>\n","protected":false},"author":1,"featured_media":31335,"comment_status":"open","ping_status":"closed","sticky":false,"template":"","format":"standard","meta":{"amp_status":"","footnotes":""},"categories":[121],"tags":[1018,247,8652,8656,8654,8653,8655],"class_list":["post-31334","post","type-post","status-publish","format-standard","has-post-thumbnail","hentry","category-leste","tag-destaque","tag-governador-valadares","tag-homem-e-encontrado-morto-dentro-de-caminhonete-em-governador-valadares","tag-homem-e-encontrado-morto-dentro-de-caminhonete-no-anel-rodoviario-de-governador-valadares","tag-morte-de-roberto-carlos-camilo-reis","tag-morte-no-bairro-capim-em-governador-valadares","tag-roberto-carlos-camilo-reis"],"_links":{"self":[{"href":"https:\/\/aconteceunovale.com.br\/portal\/index.php?rest_route=\/wp\/v2\/posts\/31334","targetHints":{"allow":["GET"]}}],"collection":[{"href":"https:\/\/aconteceunovale.com.br\/portal\/index.php?rest_route=\/wp\/v2\/posts"}],"about":[{"href":"https:\/\/aconteceunovale.com.br\/portal\/index.php?rest_route=\/wp\/v2\/types\/post"}],"author":[{"embeddable":true,"href":"https:\/\/aconteceunovale.com.br\/portal\/index.php?rest_route=\/wp\/v2\/users\/1"}],"replies":[{"embeddable":true,"href":"https:\/\/aconteceunovale.com.br\/portal\/index.php?rest_route=%2Fwp%2Fv2%2Fcomments&post=31334"}],"version-history":[{"count":0,"href":"https:\/\/aconteceunovale.com.br\/portal\/index.php?rest_route=\/wp\/v2\/posts\/31334\/revisions"}],"wp:featuredmedia":[{"embeddable":true,"href":"https:\/\/aconteceunovale.com.br\/portal\/index.php?rest_route=\/wp\/v2\/media\/31335"}],"wp:attachment":[{"href":"https:\/\/aconteceunovale.com.br\/portal\/index.php?rest_route=%2Fwp%2Fv2%2Fmedia&parent=31334"}],"wp:term":[{"taxonomy":"category","embeddable":true,"href":"https:\/\/aconteceunovale.com.br\/portal\/index.php?rest_route=%2Fwp%2Fv2%2Fcategories&post=31334"},{"taxonomy":"post_tag","embeddable":true,"href":"https:\/\/aconteceunovale.com.br\/portal\/index.php?rest_route=%2Fwp%2Fv2%2Ftags&post=31334"}],"curies":[{"name":"wp","href":"https:\/\/api.w.org\/{rel}","templated":true}]}}