{"id":31331,"date":"2014-06-07T19:54:03","date_gmt":"2014-06-07T22:54:03","guid":{"rendered":"http:\/\/aconteceunovale.com.br\/portal\/?p=31331"},"modified":"2014-06-07T23:08:13","modified_gmt":"2014-06-08T02:08:13","slug":"acidentes-deixam-quatro-vitimas-fatais-e-oito-feridas-em-curvelo","status":"publish","type":"post","link":"https:\/\/aconteceunovale.com.br\/portal\/?p=31331","title":{"rendered":"Acidentes deixam quatro v\u00edtimas fatais e oito feridas em Curvelo"},"content":{"rendered":"<p>Um acidente ocorrido na BR-040 em Curvelo, na regi\u00e3o Central de Minas, deixou sete pessoas feridas e dois mortos na noite dessa sexta-feira (6). Dois carros de passeio, um caminh\u00e3o e uma carreta se envolveram em uma batida. As causas do acidente ainda n\u00e3o foram esclarecidas.<\/p>\n<p>Segundo o Corpo de Bombeiros, duas mulheres que estavam em um dos ve\u00edculos, um Gol, Solange Paz de S\u00e1, 56, e Soraia Paz de S\u00e1 e Moraes, 34, ficaram presas \u00e0s ferragens e morreram no local. O motorista Luiz Carlos de S\u00e1, 57, e outra passageira, a Maria Valdenora Costa, 51, ficaram feridos e foram socorridos pela corpora\u00e7\u00e3o.<\/p>\n<p>J\u00e1 o motorista do outro carro, um Palio, H\u00e9rcules Ant\u00f4nio de Miranda, morador de Sete Lagoas, ficou ferido e foi socorrido por populares. Outros tr\u00eas ocupantes do carro que n\u00e3o tiveram suas identifica\u00e7\u00f5es divulgadas ficaram feridos.<\/p>\n<p>Os motoristas do caminh\u00e3o, de Maric\u00e1, no Rio de Janeiro, e da carreta, de Santa Maria de Jequitib\u00e1, no Esp\u00edrito Santo, n\u00e3o ficaram feridos. As v\u00edtimas foram levadas para o Hospital de Curvelo. <\/p>\n<p><img decoding=\"async\" src=\"http:\/\/aconteceunovale.com.br\/portal\/wp-content\/uploads\/2014\/06\/acidente_curvelo_07_06_1.jpg\" alt=\"\" \/><em>(Foto: Cleuber Luiz \/ Cedido exclusivamente para o Aconteceu no Vale)<\/em><br \/>\n<\/br><\/p>\n<h4><strong>Outro acidente<\/strong><\/h4>\n<p>Ainda em Curvelo, desta vez na BR-135, duas pessoas morreram carbonizadas e outra ficou ferida em um acidente ocorrido na altura do quil\u00f4metro 638, tamb\u00e9m na noite dessa sexta (6). Uma carreta com placa de Contagem acoplada a uma carroceria e um Fiat Dobl\u00f4 com placa de Garulhos, em S\u00e3o Paulo, bateram causando o inc\u00eandio do ve\u00edculo e do cavalinho da carreta.<\/p>\n<p>Os ocupantes da carreta Jair Guerreiro de Souza, 18, e um adolescente de 15 anos, morreram carbonizados. J\u00e1 o motorista do Dobl\u00f4 Vladimir Gomes da Silva, 57, foi socorrido pelo Corpo de Bombeiros e levado ao Hospital de Curvelo, sem risco de morte.<\/p>\n<p><img decoding=\"async\" src=\"http:\/\/aconteceunovale.com.br\/portal\/wp-content\/uploads\/2014\/06\/acidente_curvelo_07_06_2.jpg\" alt=\"\" \/><em>(Foto: Cleuber Luiz \/ Cedido exclusivamente para o Aconteceu no Vale)<\/em><\/p>\n","protected":false},"excerpt":{"rendered":"<p>Um acidente ocorrido na BR-040 em Curvelo, na regi\u00e3o Central de Minas, deixou sete pessoas feridas e dois mortos na noite dessa sexta-feira (6). Dois carros de passeio, um caminh\u00e3o e uma carreta se envolveram em uma batida. As causas do acidente ainda n\u00e3o foram esclarecidas. Segundo o Corpo de Bombeiros, duas mulheres que estavam [&hellip;]<\/p>\n","protected":false},"author":1,"featured_media":31338,"comment_status":"open","ping_status":"closed","sticky":false,"template":"","format":"standard","meta":{"amp_status":"","footnotes":""},"categories":[123],"tags":[8644,197,8649,8650,8647,8648,8645,8646,8651],"class_list":["post-31331","post","type-post","status-publish","format-standard","has-post-thumbnail","hentry","category-gerais","tag-acidentes-deixam-quatro-vitimas-fatais-e-oito-feridas-em-curvelo","tag-curvelo","tag-hercules-antonio-de-miranda","tag-jair-guerreiro-de-souza","tag-luiz-carlos-de-sa","tag-maria-valdenora-costa","tag-solange-paz-de-sa","tag-soraia-paz-de-sa-e-moraes","tag-vladimir-gomes-da-silva"],"_links":{"self":[{"href":"https:\/\/aconteceunovale.com.br\/portal\/index.php?rest_route=\/wp\/v2\/posts\/31331","targetHints":{"allow":["GET"]}}],"collection":[{"href":"https:\/\/aconteceunovale.com.br\/portal\/index.php?rest_route=\/wp\/v2\/posts"}],"about":[{"href":"https:\/\/aconteceunovale.com.br\/portal\/index.php?rest_route=\/wp\/v2\/types\/post"}],"author":[{"embeddable":true,"href":"https:\/\/aconteceunovale.com.br\/portal\/index.php?rest_route=\/wp\/v2\/users\/1"}],"replies":[{"embeddable":true,"href":"https:\/\/aconteceunovale.com.br\/portal\/index.php?rest_route=%2Fwp%2Fv2%2Fcomments&post=31331"}],"version-history":[{"count":0,"href":"https:\/\/aconteceunovale.com.br\/portal\/index.php?rest_route=\/wp\/v2\/posts\/31331\/revisions"}],"wp:featuredmedia":[{"embeddable":true,"href":"https:\/\/aconteceunovale.com.br\/portal\/index.php?rest_route=\/wp\/v2\/media\/31338"}],"wp:attachment":[{"href":"https:\/\/aconteceunovale.com.br\/portal\/index.php?rest_route=%2Fwp%2Fv2%2Fmedia&parent=31331"}],"wp:term":[{"taxonomy":"category","embeddable":true,"href":"https:\/\/aconteceunovale.com.br\/portal\/index.php?rest_route=%2Fwp%2Fv2%2Fcategories&post=31331"},{"taxonomy":"post_tag","embeddable":true,"href":"https:\/\/aconteceunovale.com.br\/portal\/index.php?rest_route=%2Fwp%2Fv2%2Ftags&post=31331"}],"curies":[{"name":"wp","href":"https:\/\/api.w.org\/{rel}","templated":true}]}}