{"id":31320,"date":"2014-06-07T18:58:45","date_gmt":"2014-06-07T21:58:45","guid":{"rendered":"http:\/\/aconteceunovale.com.br\/portal\/?p=31320"},"modified":"2014-06-07T18:58:45","modified_gmt":"2014-06-07T21:58:45","slug":"movimentos-sociais-organizam-eventos-alternativos-para-dias-de-partidas-da-copa","status":"publish","type":"post","link":"https:\/\/aconteceunovale.com.br\/portal\/?p=31320","title":{"rendered":"Movimentos sociais organizam eventos alternativos para dias de partidas da Copa"},"content":{"rendered":"<p>Cerca de 150 pessoas se reuniram nessa sexta-feira, 6 de junho, na Cinel\u00e2ndia, no centro do Rio, durante o amistoso entre Brasil e S\u00e9rvia \u2013 \u00faltima partida da sele\u00e7\u00e3o brasileira antes da Copa do Mundo, para lan\u00e7ar a mobiliza\u00e7\u00e3o social programada para o megaevento esportivo. O ato foi chamado de ManiFest \u2013 territ\u00f3rio livre da Fifa, e transmitiu o jogo do Brasil.<\/p>\n<p>O integrante do Comit\u00ea Popular da Copa e Olimp\u00edadas do Rio de Janeiro Gustavo Mehl disse que o fato de v\u00e1rios movimentos sociais denunciarem problemas relacionados \u00e0 realiza\u00e7\u00e3o da Copa do Mundo n\u00e3o significa que os participantes sejam contra o futebol ou a sele\u00e7\u00e3o brasileira.<\/p>\n<p>\u201cTem algumas pessoas, principalmente no discurso oficial do governos e das grandes empresas que est\u00e3o se beneficiando com a Copa dizendo que se manifestar, criticar ou questionar a Copa do Mundo \u00e9 n\u00e3o gostar do futebol, ser contra o futebol. Mas na verdade, eu particularmente sou apaixonado por futebol e isso \u00e9 uma das raz\u00f5es que me motiva a ir \u00e0 manifesta\u00e7\u00e3o, \u00e9 justamente contra o projeto de diminuir o futebol a uma perspectiva de um neg\u00f3cio lucrativo para alguns poucos\u201d, justificou. <\/p>\n<p>De acordo com ele, a ideia n\u00e3o \u00e9 boicotar a Copa, mas assistir aos jogos com plena consci\u00eancia dos significados negativos do evento. \u201cA Copa n\u00e3o trouxe benef\u00edcio para a popula\u00e7\u00e3o, mas benef\u00edcio para alguns grupos privados. Nesse clima, a gente est\u00e1 passando o jogo aqui para dialogar com a popula\u00e7\u00e3o que est\u00e1 passando e lembrar que, por mais que a gente possa ver os jogos e armar os nossos esquemas para ver os jogos, a cr\u00edtica deve permanecer\u201d.<\/p>\n<p>O grupo marcou para o dia 12, abertura da Copa, a primeira manifesta\u00e7\u00e3o com a chamada \u201cNossa Copa \u00e9 na Rua\u201d, que envolver\u00e1 movimentos sociais, sindicatos, representa\u00e7\u00f5es, coletivos e grupos de juventude. A concentra\u00e7\u00e3o ser\u00e1 na Candel\u00e1ria as 10h, com sa\u00edda ao meio-dia em dire\u00e7\u00e3o ao Largo da Lapa. H\u00e1 previs\u00e3o de se fazer outros eventos ManiFest para a transmiss\u00e3o dos jogos, al\u00e9m de atos pontuais durante os jogos da primeira fase e manifesta\u00e7\u00f5es nos dias das partidas das oitavas de final, quartas de final e na final no Est\u00e1dio do Maracan\u00e3.<\/p>\n<p>O comit\u00ea tamb\u00e9m lan\u00e7ou o terceiro Dossi\u00ea de Mega Eventos e Viola\u00e7\u00f5es de Direitos Humanos. \u201cEle traz um apanhado de todo o ac\u00famulo que o Comit\u00ea Popular da Copa tem nos \u00faltimos anos, das cr\u00edticas a esses eventos envolvendo uma s\u00e9rie de quest\u00f5es como moradia, com as remo\u00e7\u00f5es for\u00e7adas; a mobilidade, que n\u00e3o melhorou como legado para a popula\u00e7\u00e3o; e esportes, com a falta de incentivo a dois anos das Olimp\u00edadas\u201d, explicou Mehl.<\/p>\n<p>Para ele, as manifesta\u00e7\u00f5es de junho de 2013 foram resultado de uma s\u00e9rie de insatisfa\u00e7\u00f5es que a popula\u00e7\u00e3o tinha com rela\u00e7\u00e3o \u00e0s viola\u00e7\u00f5es de direitos. \u201cAlgumas coisas ficam claras, os padr\u00f5es de viola\u00e7\u00f5es n\u00e3o foram interrompidos em nenhum aspecto, o que a gente teve foi um avan\u00e7o muito grande na capacidade da sociedade civil das comunidades, das associa\u00e7\u00f5es de moradores, dos grupos organizados, de questionar alguns padr\u00f5es de viola\u00e7\u00f5es e de lutar por direitos. Junho de 2013 foi o \u00e1pice, em que explodiu em manifesta\u00e7\u00f5es de rua toda uma insatisfa\u00e7\u00e3o, descontentamento, e uma tomada de consci\u00eancia do que estava acontecendo\u201d, avaliou.<\/p>\n<p><strong>(Ag\u00eancia Brasil)<\/strong><\/p>\n","protected":false},"excerpt":{"rendered":"<p>Cerca de 150 pessoas se reuniram nessa sexta-feira, 6 de junho, na Cinel\u00e2ndia, no centro do Rio, durante o amistoso entre Brasil e S\u00e9rvia \u2013 \u00faltima partida da sele\u00e7\u00e3o brasileira antes da Copa do Mundo, para lan\u00e7ar a mobiliza\u00e7\u00e3o social programada para o megaevento esportivo. O ato foi chamado de ManiFest \u2013 territ\u00f3rio livre da [&hellip;]<\/p>\n","protected":false},"author":1,"featured_media":31321,"comment_status":"open","ping_status":"closed","sticky":false,"template":"","format":"standard","meta":{"amp_status":"","footnotes":""},"categories":[6],"tags":[8634,8635],"class_list":["post-31320","post","type-post","status-publish","format-standard","has-post-thumbnail","hentry","category-br","tag-movimentos-sociais-organizam-eventos-alternativos-para-dias-de-partidas-da-copa","tag-territorio-livre-da-fifa"],"_links":{"self":[{"href":"https:\/\/aconteceunovale.com.br\/portal\/index.php?rest_route=\/wp\/v2\/posts\/31320","targetHints":{"allow":["GET"]}}],"collection":[{"href":"https:\/\/aconteceunovale.com.br\/portal\/index.php?rest_route=\/wp\/v2\/posts"}],"about":[{"href":"https:\/\/aconteceunovale.com.br\/portal\/index.php?rest_route=\/wp\/v2\/types\/post"}],"author":[{"embeddable":true,"href":"https:\/\/aconteceunovale.com.br\/portal\/index.php?rest_route=\/wp\/v2\/users\/1"}],"replies":[{"embeddable":true,"href":"https:\/\/aconteceunovale.com.br\/portal\/index.php?rest_route=%2Fwp%2Fv2%2Fcomments&post=31320"}],"version-history":[{"count":0,"href":"https:\/\/aconteceunovale.com.br\/portal\/index.php?rest_route=\/wp\/v2\/posts\/31320\/revisions"}],"wp:featuredmedia":[{"embeddable":true,"href":"https:\/\/aconteceunovale.com.br\/portal\/index.php?rest_route=\/wp\/v2\/media\/31321"}],"wp:attachment":[{"href":"https:\/\/aconteceunovale.com.br\/portal\/index.php?rest_route=%2Fwp%2Fv2%2Fmedia&parent=31320"}],"wp:term":[{"taxonomy":"category","embeddable":true,"href":"https:\/\/aconteceunovale.com.br\/portal\/index.php?rest_route=%2Fwp%2Fv2%2Fcategories&post=31320"},{"taxonomy":"post_tag","embeddable":true,"href":"https:\/\/aconteceunovale.com.br\/portal\/index.php?rest_route=%2Fwp%2Fv2%2Ftags&post=31320"}],"curies":[{"name":"wp","href":"https:\/\/api.w.org\/{rel}","templated":true}]}}