{"id":31316,"date":"2014-06-07T09:50:02","date_gmt":"2014-06-07T12:50:02","guid":{"rendered":"http:\/\/aconteceunovale.com.br\/portal\/?p=31316"},"modified":"2014-06-07T09:50:02","modified_gmt":"2014-06-07T12:50:02","slug":"idolo-do-internacional-morre-em-acidente-de-helicoptero-no-interior-de-goias","status":"publish","type":"post","link":"https:\/\/aconteceunovale.com.br\/portal\/?p=31316","title":{"rendered":"\u00cddolo do Internacional morre em acidente de helic\u00f3ptero no interior de Goi\u00e1s"},"content":{"rendered":"<p>O ex-atacante Fernand\u00e3o, um dos maiores \u00eddolos da hist\u00f3ria do Internacional e do Goi\u00e1s, morreu por volta das 1h deste s\u00e1bado, em Goi\u00e1s, aos 36 anos. Fernando L\u00facio da Costa voltava de sua casa em Aruan\u00e3, cidade no interior para a capital, localizada a 315km de dist\u00e2ncia. Al\u00e9m de Fernand\u00e3o, estavam no helic\u00f3ptero e n\u00e3o sobreviveram mais quatro amigos: Edmilson de Souza Leme (vereador de Palmeiras de Goi\u00e1s), Ant\u00f4nio de P\u00e1dua, Lindomar Mendes Vieira (funcion\u00e1rio da fazenda) e o piloto, identificado como Milton Ananias.<\/p>\n<p><img decoding=\"async\" src=\"http:\/\/aconteceunovale.com.br\/portal\/wp-content\/uploads\/2014\/06\/fernandao_morre_1.jpg\" alt=\"\" \/>(Foto: Divulga\u00e7\u00e3o)<br \/>\n<\/br><\/p>\n<p>&#8211; Infelizmente, \u00e9 verdade. Fui o primeiro a saber. Me ligaram \u00e0s 5h da manh\u00e3. Estavam ele e mais quatro amigos (no helic\u00f3ptero), todos faleceram. \u00c9 uma l\u00e1stima &#8211; disse o presidente da Federa\u00e7\u00e3o Ga\u00facha, Francisco Novelletto.<\/p>\n<p>Segundo a Pol\u00edcia Civil, a aeronave levantou voo da fazenda que pertencia a Fernand\u00e3o por volta de 1h e foi encontrada sobre um banco de areia (uma pequena praia de \u00e1gua doce), \u00e0s margens do rio Araguaia. O local do acidente fica a 15km do centro de Aruan\u00e3. O ex-jogador chegou a ser levado para o hospital da cidade, mas faleceu pouco depois. <\/p>\n<p>&#8211; O corpo dele \u00e9 o \u00fanico est\u00e1 no hospital. Os demais morreram no local do acidente. Nessa \u00e9poca \u00e9 muito comum acampamento \u00e0s margens do Araguaia, mas trata-se de uma regi\u00e3o cujo acesso \u00e9 mais comum por helic\u00f3ptero ou barco. Provavelmente, ele chegou ao hospital socorrido por barco &#8211; declarou o delegado Norton Ferreira, chefe de comunica\u00e7\u00e3o da Pol\u00edcia Civil de Goi\u00e1s.<\/p>\n<p>Nascido em Goi\u00e2nia, Fernand\u00e3o, revelado pelo Goi\u00e1s, viveu suas maiores gl\u00f3rias no Colorado. Ganhou duas vezes o Campeonato Ga\u00facho e foi um dos principais nomes na conquista da primeira Libertadores do Inter, vencida em 2006. No mesmo ano ainda levantou o trof\u00e9u de campe\u00e3o do Mundial de clubes da Fifa. Foi capit\u00e3o durante a maior parte de seus quase cinco anos de Inter.<\/p>\n<p>Estreou com a camisa colorada em 10 de julho de 2004, quando Internacional e Gr\u00eamio travaram o GreNal de n\u00famero 360. Come\u00e7ou com o p\u00e9 direito, j\u00e1 marcando seu nome na hist\u00f3ria do clube ao fechar o placar em 2 a 0, fazendo o gol de n\u00famero 1000 da hist\u00f3ria do cl\u00e1ssico. A partida foi v\u00e1lida pelo Campeonato Brasileiro.<\/p>\n<p>Foi um dos mestres de cerim\u00f4nia da reabertura do Beira-Rio, realizada em 5 de abril. Ele j\u00e1 havia liderado a festa pela conquista da Libertadores de 2006, empunhando microfone e gritando a plenos pulm\u00f5es os principais gritos da torcida colorada.<\/p>\n<p>Fernand\u00e3o pendurou as chuteiras em 2011 vestindo a camisa do S\u00e3o Paulo. Ainda defendeu os franceses Olympique de Marselha e Toulouse e o Al-Gharafa, do Catar. Tornou-se dirigente e posteriormente treinador do Colorado. Em ambas as fun\u00e7\u00f5es n\u00e3o teve muito sucesso.<\/p>\n<p>O \u00eddolo iniciava nova carreira. Estreou como comentarista do Sportv no \u00faltimo dia 25, quando o Internacional foi derrotado por 3 a 1 pelo Cruzeiro. Faria parte do time do canal durante a Copa do Mundo.<\/p>\n<p><img decoding=\"async\" src=\"http:\/\/aconteceunovale.com.br\/portal\/wp-content\/uploads\/2014\/06\/fernandao_morre_2.jpg\" alt=\"\" \/>(Foto: Divulga\u00e7\u00e3o)<br \/>\n<\/br><\/p>\n<p><strong>(Globo Esporte)<\/strong><\/p>\n","protected":false},"excerpt":{"rendered":"<p>O ex-atacante Fernand\u00e3o, um dos maiores \u00eddolos da hist\u00f3ria do Internacional e do Goi\u00e1s, morreu por volta das 1h deste s\u00e1bado, em Goi\u00e1s, aos 36 anos. Fernando L\u00facio da Costa voltava de sua casa em Aruan\u00e3, cidade no interior para a capital, localizada a 315km de dist\u00e2ncia. Al\u00e9m de Fernand\u00e3o, estavam no helic\u00f3ptero e n\u00e3o [&hellip;]<\/p>\n","protected":false},"author":1,"featured_media":31317,"comment_status":"open","ping_status":"closed","sticky":false,"template":"","format":"standard","meta":{"amp_status":"","footnotes":""},"categories":[6],"tags":[8632,8631,1018,8633,8628,8630,8629],"class_list":["post-31316","post","type-post","status-publish","format-standard","has-post-thumbnail","hentry","category-br","tag-acidente-com-fernandao-do-goias","tag-acidente-com-fernandao-do-internacional","tag-destaque","tag-fotos-do-acidente-com-fernandao","tag-idolo-do-internacional-morre-em-acidente-de-helicoptero-no-interior-de-goias","tag-morre-fernandao","tag-morre-o-ex-atacante-fernandao"],"_links":{"self":[{"href":"https:\/\/aconteceunovale.com.br\/portal\/index.php?rest_route=\/wp\/v2\/posts\/31316","targetHints":{"allow":["GET"]}}],"collection":[{"href":"https:\/\/aconteceunovale.com.br\/portal\/index.php?rest_route=\/wp\/v2\/posts"}],"about":[{"href":"https:\/\/aconteceunovale.com.br\/portal\/index.php?rest_route=\/wp\/v2\/types\/post"}],"author":[{"embeddable":true,"href":"https:\/\/aconteceunovale.com.br\/portal\/index.php?rest_route=\/wp\/v2\/users\/1"}],"replies":[{"embeddable":true,"href":"https:\/\/aconteceunovale.com.br\/portal\/index.php?rest_route=%2Fwp%2Fv2%2Fcomments&post=31316"}],"version-history":[{"count":0,"href":"https:\/\/aconteceunovale.com.br\/portal\/index.php?rest_route=\/wp\/v2\/posts\/31316\/revisions"}],"wp:featuredmedia":[{"embeddable":true,"href":"https:\/\/aconteceunovale.com.br\/portal\/index.php?rest_route=\/wp\/v2\/media\/31317"}],"wp:attachment":[{"href":"https:\/\/aconteceunovale.com.br\/portal\/index.php?rest_route=%2Fwp%2Fv2%2Fmedia&parent=31316"}],"wp:term":[{"taxonomy":"category","embeddable":true,"href":"https:\/\/aconteceunovale.com.br\/portal\/index.php?rest_route=%2Fwp%2Fv2%2Fcategories&post=31316"},{"taxonomy":"post_tag","embeddable":true,"href":"https:\/\/aconteceunovale.com.br\/portal\/index.php?rest_route=%2Fwp%2Fv2%2Ftags&post=31316"}],"curies":[{"name":"wp","href":"https:\/\/api.w.org\/{rel}","templated":true}]}}