{"id":31307,"date":"2014-06-07T08:59:56","date_gmt":"2014-06-07T11:59:56","guid":{"rendered":"http:\/\/aconteceunovale.com.br\/portal\/?p=31307"},"modified":"2014-06-07T09:00:46","modified_gmt":"2014-06-07T12:00:46","slug":"linhas-de-cerol-danificam-dois-helicopteros-da-policia-militar-de-minas-gerais","status":"publish","type":"post","link":"https:\/\/aconteceunovale.com.br\/portal\/?p=31307","title":{"rendered":"Linhas de cerol danificam dois helic\u00f3pteros da Pol\u00edcia Militar de Minas Gerais"},"content":{"rendered":"<p>Al\u00e9m dos motociclistas, v\u00edtimas frequentes do cerol, helic\u00f3pteros da Pol\u00edcia Militar foram danificados por linhas cobertas com a perigosa mistura de vidro e cola. De acordo com o Comando de Patrulhamento A\u00e9reo (Corpaer), duas das 11 aeronaves da corpora\u00e7\u00e3o foram atingidas nos \u00faltimos 30 dias.<\/p>\n<p>Conforme o major e piloto Silvano Pimenta, o dano aconteceu em pleno voo. &#8220;Os policiais n\u00e3o perceberam que a linha havia prejudicado o aparelho. Foi no procedimento de inspecionar o helic\u00f3ptero antes e depois do atendimento \u00e0s ocorr\u00eancias que detectamos o problema. Sem falar que, nas opera\u00e7\u00f5es, o militar trabalha com o corpo para fora, o que \u00e9 um risco ainda maior \u00e1 vida dele&#8221;, alertou.<\/p>\n<p>Uma esp\u00e9cie de eixo que controla o movimento e direciona as p\u00e1s rotativas foi danificado nas duas aeronaves.<\/p>\n<p>Para o helic\u00f3ptero esquilo, modelo franc\u00eas (AS 350 B3 ) coube substitui\u00e7\u00e3o da pe\u00e7a. J\u00e1 no modelo Jet Ranger, de fabrica\u00e7\u00e3o americana, o eixo teve que ser substitu\u00eddo. O conserto vai custar cerca de R$ 15 mil, mais o preju\u00edzo de duas aeronaves a menos a servi\u00e7o da seguran\u00e7a da popula\u00e7\u00e3o mineira.<\/p>\n<p>O uso do cerol \u00e9 considerado crime no Estado de Minas Gerais, e geralmente tem como autores menores de idade. Nesses casos, os pais assumem a responsabilidade, sob pena de pagamento de multas.<\/p>\n<p><img decoding=\"async\" src=\"http:\/\/aconteceunovale.com.br\/portal\/wp-content\/uploads\/2014\/06\/helicopeteros_pm_estragados.jpg\" alt=\"\" \/><em>Reparo dos helic\u00f3pteros vai custar cerca de R$ 15 mil &#8211; Foto: Pol\u00edcia Militar<\/em><br \/>\n<\/br><\/p>\n<p><strong>(O Tempo)<\/strong><\/p>\n","protected":false},"excerpt":{"rendered":"<p>Al\u00e9m dos motociclistas, v\u00edtimas frequentes do cerol, helic\u00f3pteros da Pol\u00edcia Militar foram danificados por linhas cobertas com a perigosa mistura de vidro e cola. De acordo com o Comando de Patrulhamento A\u00e9reo (Corpaer), duas das 11 aeronaves da corpora\u00e7\u00e3o foram atingidas nos \u00faltimos 30 dias. Conforme o major e piloto Silvano Pimenta, o dano aconteceu [&hellip;]<\/p>\n","protected":false},"author":1,"featured_media":31308,"comment_status":"open","ping_status":"closed","sticky":false,"template":"","format":"standard","meta":{"amp_status":"","footnotes":""},"categories":[123],"tags":[1018,8625,8624],"class_list":["post-31307","post","type-post","status-publish","format-standard","has-post-thumbnail","hentry","category-gerais","tag-destaque","tag-helicopteros-da-policia-militar-danificados-por-cerol","tag-linhas-de-cerol-danificam-dois-helicopteros-da-policia-militar-de-minas-gerais"],"_links":{"self":[{"href":"https:\/\/aconteceunovale.com.br\/portal\/index.php?rest_route=\/wp\/v2\/posts\/31307","targetHints":{"allow":["GET"]}}],"collection":[{"href":"https:\/\/aconteceunovale.com.br\/portal\/index.php?rest_route=\/wp\/v2\/posts"}],"about":[{"href":"https:\/\/aconteceunovale.com.br\/portal\/index.php?rest_route=\/wp\/v2\/types\/post"}],"author":[{"embeddable":true,"href":"https:\/\/aconteceunovale.com.br\/portal\/index.php?rest_route=\/wp\/v2\/users\/1"}],"replies":[{"embeddable":true,"href":"https:\/\/aconteceunovale.com.br\/portal\/index.php?rest_route=%2Fwp%2Fv2%2Fcomments&post=31307"}],"version-history":[{"count":0,"href":"https:\/\/aconteceunovale.com.br\/portal\/index.php?rest_route=\/wp\/v2\/posts\/31307\/revisions"}],"wp:featuredmedia":[{"embeddable":true,"href":"https:\/\/aconteceunovale.com.br\/portal\/index.php?rest_route=\/wp\/v2\/media\/31308"}],"wp:attachment":[{"href":"https:\/\/aconteceunovale.com.br\/portal\/index.php?rest_route=%2Fwp%2Fv2%2Fmedia&parent=31307"}],"wp:term":[{"taxonomy":"category","embeddable":true,"href":"https:\/\/aconteceunovale.com.br\/portal\/index.php?rest_route=%2Fwp%2Fv2%2Fcategories&post=31307"},{"taxonomy":"post_tag","embeddable":true,"href":"https:\/\/aconteceunovale.com.br\/portal\/index.php?rest_route=%2Fwp%2Fv2%2Ftags&post=31307"}],"curies":[{"name":"wp","href":"https:\/\/api.w.org\/{rel}","templated":true}]}}