{"id":31302,"date":"2014-06-07T08:42:48","date_gmt":"2014-06-07T11:42:48","guid":{"rendered":"http:\/\/aconteceunovale.com.br\/portal\/?p=31302"},"modified":"2014-06-07T08:42:48","modified_gmt":"2014-06-07T11:42:48","slug":"aeroporto-do-serro-recebera-mais-de-r-4-milhoes-em-investimentos","status":"publish","type":"post","link":"https:\/\/aconteceunovale.com.br\/portal\/?p=31302","title":{"rendered":"Aeroporto do Serro receber\u00e1 mais de R$ 4 milh\u00f5es em investimentos"},"content":{"rendered":"<h4><strong>Obras de melhoria e amplia\u00e7\u00e3o t\u00eam como prop\u00f3sito atender \u00e0 demanda puxada pelos grandes investimentos privados na regi\u00e3o<\/strong><\/h4>\n<p>O Governo do Estado contratou, por R$ 4.193.953,92, a Construtora Marins para reformar e ampliar o aeroporto do Serro, munic\u00edpio da regi\u00e3o do M\u00e9dio Espinha\u00e7o conhecido nacionalmente pela produ\u00e7\u00e3o artesanal do queijo. A homologa\u00e7\u00e3o do processo de licita\u00e7\u00e3o foi publicada no site oficial do Departamento de Obras P\u00fablicas do Estado de Minas Gerais (Deop-MG).<\/p>\n<p>O aeroporto do Serro fica a 9 km da cidade, \u00e0s margens da MG-259, e atualmente est\u00e1 interditado pela Ag\u00eancia Nacional de Avia\u00e7\u00e3o Civil (Anac) devido \u00e0s condi\u00e7\u00f5es prec\u00e1rias. De acordo como o secret\u00e1rio municipal de Obras do Munic\u00edpio, Fabr\u00edcio Salles, a demanda por voos particulares tem crescido muito e a reforma vem num momento muito oportuno. Por causa da interdi\u00e7\u00e3o, os avi\u00f5es t\u00eam decolado e pousado em Diamantina, cidade mais pr\u00f3xima. Mas quando h\u00e1, por exemplo, uma emerg\u00eancia m\u00e9dica, n\u00e3o tem jeito. A decolagem acaba acontecendo no aeroporto local mesmo.<\/p>\n<p><img decoding=\"async\" src=\"http:\/\/aconteceunovale.com.br\/portal\/wp-content\/uploads\/2014\/06\/reforma_aeroporto_serro_1.jpg\" alt=\"\" \/><em><strong>Com reforma, avi\u00f5es poder\u00e3o pousar e decolar com tranquilidade na hist\u00f3rica cidade do M\u00e9dio Espinha\u00e7o<\/strong><\/em><br \/>\n<\/br><\/p>\n<p>Segundo o edital do Deop, a empresa vencedora da licita\u00e7\u00e3o tem 210 dias corridos para concluir as obras. O prazo, claro, pode ser estendido dependendo da necessidade. Segundo Fabr\u00edcio, h\u00e1 a inten\u00e7\u00e3o de ser ter em Serro linhas a\u00e9reas comerciais \u2013 principalmente considerando o grande crescimento da regi\u00e3o por causa da minera\u00e7\u00e3o.<\/p>\n<p>O aeroporto poder\u00e1 fomentar tamb\u00e9m o turismo, considerado um importante vetor da economia regional. Sede de uma das quatro primeiras comarcas da Capitania das Minas Gerais, a antiga Vila do Pr\u00edncipe do Serro Frio guarda as caracter\u00edsticas das vilas setecentistas mineiras, o que lhe valeu ser o primeiro munic\u00edpio brasileiro a ter seu conjunto arquitet\u00f4nico e urban\u00edstico tombado pelo Instituto do Patrim\u00f4nio Hist\u00f3rico e Art\u00edstico Nacional, em abril de 1938.<\/p>\n<p>Suas igrejas impressionam pela qualidade da ornamenta\u00e7\u00e3o e pela pintura em perspectiva nos forros. Ao lado do seu acervo hist\u00f3rico-arquitet\u00f4nico, Serro guarda tamb\u00e9m outro importante aspecto de sua riqueza cultural do passado: as tradi\u00e7\u00f5es folcl\u00f3ricas, as festas religiosas e a peculiar gastronomia. O Queijo do Serro, o mais famoso produto da regi\u00e3o, foi o primeiro bem registrado como Patrim\u00f4nio Imaterial de Minas Gerais (2002) e \u00e9 tamb\u00e9m Patrim\u00f4nio Imaterial do Brasil (2008). <\/p>\n<p>A reforma do aeroporto, aliada \u00e0 pavimenta\u00e7\u00e3o da MG-010, passando por Concei\u00e7\u00e3o do Mato Dentro, dar\u00e1 outra perspectiva ao hist\u00f3rico munic\u00edpio mineiro, que ter\u00e1 infraestrutura de acesso como poucas cidades do estado. \u201cSer\u00e1 extremamente importante n\u00e3o s\u00f3 para a nossa cidade como para toda a regi\u00e3o\u201d, afirma o secret\u00e1rio Fabr\u00edcio.<\/p>\n<p><img decoding=\"async\" src=\"http:\/\/aconteceunovale.com.br\/portal\/wp-content\/uploads\/2014\/06\/reforma_aeroporto_serro_2.jpg\" alt=\"\" \/><\/p>\n<p><strong><em>(Fotos e informa\u00e7\u00f5es: DeFato Online)<\/em><\/strong><\/p>\n","protected":false},"excerpt":{"rendered":"<p>Obras de melhoria e amplia\u00e7\u00e3o t\u00eam como prop\u00f3sito atender \u00e0 demanda puxada pelos grandes investimentos privados na regi\u00e3o O Governo do Estado contratou, por R$ 4.193.953,92, a Construtora Marins para reformar e ampliar o aeroporto do Serro, munic\u00edpio da regi\u00e3o do M\u00e9dio Espinha\u00e7o conhecido nacionalmente pela produ\u00e7\u00e3o artesanal do queijo. A homologa\u00e7\u00e3o do processo de [&hellip;]<\/p>\n","protected":false},"author":1,"featured_media":31303,"comment_status":"open","ping_status":"closed","sticky":false,"template":"","format":"standard","meta":{"amp_status":"","footnotes":""},"categories":[123],"tags":[8623,1018,8622,154],"class_list":["post-31302","post","type-post","status-publish","format-standard","has-post-thumbnail","hentry","category-gerais","tag-aeroporto-do-serro-recebera-mais-de-r-4-milhoes-em-investimentos","tag-destaque","tag-reforma-e-ampliacao-do-aeroporto-do-serro","tag-serro"],"_links":{"self":[{"href":"https:\/\/aconteceunovale.com.br\/portal\/index.php?rest_route=\/wp\/v2\/posts\/31302","targetHints":{"allow":["GET"]}}],"collection":[{"href":"https:\/\/aconteceunovale.com.br\/portal\/index.php?rest_route=\/wp\/v2\/posts"}],"about":[{"href":"https:\/\/aconteceunovale.com.br\/portal\/index.php?rest_route=\/wp\/v2\/types\/post"}],"author":[{"embeddable":true,"href":"https:\/\/aconteceunovale.com.br\/portal\/index.php?rest_route=\/wp\/v2\/users\/1"}],"replies":[{"embeddable":true,"href":"https:\/\/aconteceunovale.com.br\/portal\/index.php?rest_route=%2Fwp%2Fv2%2Fcomments&post=31302"}],"version-history":[{"count":0,"href":"https:\/\/aconteceunovale.com.br\/portal\/index.php?rest_route=\/wp\/v2\/posts\/31302\/revisions"}],"wp:featuredmedia":[{"embeddable":true,"href":"https:\/\/aconteceunovale.com.br\/portal\/index.php?rest_route=\/wp\/v2\/media\/31303"}],"wp:attachment":[{"href":"https:\/\/aconteceunovale.com.br\/portal\/index.php?rest_route=%2Fwp%2Fv2%2Fmedia&parent=31302"}],"wp:term":[{"taxonomy":"category","embeddable":true,"href":"https:\/\/aconteceunovale.com.br\/portal\/index.php?rest_route=%2Fwp%2Fv2%2Fcategories&post=31302"},{"taxonomy":"post_tag","embeddable":true,"href":"https:\/\/aconteceunovale.com.br\/portal\/index.php?rest_route=%2Fwp%2Fv2%2Ftags&post=31302"}],"curies":[{"name":"wp","href":"https:\/\/api.w.org\/{rel}","templated":true}]}}