{"id":31292,"date":"2014-06-06T23:14:38","date_gmt":"2014-06-07T02:14:38","guid":{"rendered":"http:\/\/aconteceunovale.com.br\/portal\/?p=31292"},"modified":"2014-06-06T23:14:38","modified_gmt":"2014-06-07T02:14:38","slug":"obras-de-instalacao-da-uemg-sao-iniciadas-em-conceicao-do-mato-dentro","status":"publish","type":"post","link":"https:\/\/aconteceunovale.com.br\/portal\/?p=31292","title":{"rendered":"Obras de instala\u00e7\u00e3o da UEMG s\u00e3o iniciadas em Concei\u00e7\u00e3o do Mato Dentro"},"content":{"rendered":"<p>Foram iniciadas as obras de terraplanagem da \u00e1rea que receber\u00e1 as instala\u00e7\u00f5es da Universidade do Estado de Minas Gerais (UEMG), em Concei\u00e7\u00e3o do Mato Dentro. A obra \u00e9 fruto de um conv\u00eanio entre o munic\u00edpio e a empresa Anglo American e est\u00e1 or\u00e7ada em cerca de R$ 4 milh\u00f5es de reais.<\/p>\n<p>O primeiro pr\u00e9dio do campus ter\u00e1 uma \u00e1rea constru\u00edda de 2095,58 m\u00b2 que abrigar\u00e1 10 salas de aula, 03 laborat\u00f3rios, biblioteca, audit\u00f3rio, os setores administrativo e docente e \u00e1reas de apoio. O prazo de execu\u00e7\u00e3o da obra \u00e9 de um ano.<\/p>\n<p>A UEMG\/CMD est\u00e1 localizada na Rodovia MG-10, pr\u00f3ximo ao Posto Agropecu\u00e1rio.<\/p>\n<p><img decoding=\"async\" src=\"http:\/\/aconteceunovale.com.br\/portal\/wp-content\/uploads\/2014\/06\/uemg_cmd_1.jpg\" alt=\"\" \/><br \/>\n<img decoding=\"async\" src=\"http:\/\/aconteceunovale.com.br\/portal\/wp-content\/uploads\/2014\/06\/uemg_cmd_2.jpg\" alt=\"\" \/><br \/>\n<img decoding=\"async\" src=\"http:\/\/aconteceunovale.com.br\/portal\/wp-content\/uploads\/2014\/06\/uemg_cmd_3.jpg\" alt=\"\" \/><br \/>\n<\/br><\/p>\n<h4><strong>Projeto arquitet\u00f4nico do pr\u00e9dio da UEMG\/CMD<\/strong><\/h4>\n<p><img decoding=\"async\" src=\"http:\/\/aconteceunovale.com.br\/portal\/wp-content\/uploads\/2014\/06\/uemg_cmd_4.jpg\" alt=\"\" \/><br \/>\n<img decoding=\"async\" src=\"http:\/\/aconteceunovale.com.br\/portal\/wp-content\/uploads\/2014\/06\/uemg_cmd_5.jpg\" alt=\"\" \/><br \/>\n<img decoding=\"async\" src=\"http:\/\/aconteceunovale.com.br\/portal\/wp-content\/uploads\/2014\/06\/uemg_cmd_6.jpg\" alt=\"\" \/><br \/>\n<img decoding=\"async\" src=\"http:\/\/aconteceunovale.com.br\/portal\/wp-content\/uploads\/2014\/06\/uemg_cmd_7.jpg\" alt=\"\" \/><\/p>\n<p><em><strong>(Fotos e informa\u00e7\u00f5es da Prefeitura de Concei\u00e7\u00e3o do Mato Dentro)<\/strong><\/em><\/p>\n","protected":false},"excerpt":{"rendered":"<p>Foram iniciadas as obras de terraplanagem da \u00e1rea que receber\u00e1 as instala\u00e7\u00f5es da Universidade do Estado de Minas Gerais (UEMG), em Concei\u00e7\u00e3o do Mato Dentro. A obra \u00e9 fruto de um conv\u00eanio entre o munic\u00edpio e a empresa Anglo American e est\u00e1 or\u00e7ada em cerca de R$ 4 milh\u00f5es de reais. O primeiro pr\u00e9dio do [&hellip;]<\/p>\n","protected":false},"author":1,"featured_media":31293,"comment_status":"open","ping_status":"closed","sticky":false,"template":"","format":"standard","meta":{"amp_status":"","footnotes":""},"categories":[123],"tags":[628,1018,8619,8621,8620],"class_list":["post-31292","post","type-post","status-publish","format-standard","has-post-thumbnail","hentry","category-gerais","tag-conceicao-do-mato-dentro","tag-destaque","tag-obras-de-instalacao-da-uemg-sao-iniciadas-em-conceicao-do-mato-dentro","tag-uemg-em-conceicao-do-mato-dentro","tag-universidade-do-estado-de-minas-gerais-em-conceicao-do-mato-dentro"],"_links":{"self":[{"href":"https:\/\/aconteceunovale.com.br\/portal\/index.php?rest_route=\/wp\/v2\/posts\/31292","targetHints":{"allow":["GET"]}}],"collection":[{"href":"https:\/\/aconteceunovale.com.br\/portal\/index.php?rest_route=\/wp\/v2\/posts"}],"about":[{"href":"https:\/\/aconteceunovale.com.br\/portal\/index.php?rest_route=\/wp\/v2\/types\/post"}],"author":[{"embeddable":true,"href":"https:\/\/aconteceunovale.com.br\/portal\/index.php?rest_route=\/wp\/v2\/users\/1"}],"replies":[{"embeddable":true,"href":"https:\/\/aconteceunovale.com.br\/portal\/index.php?rest_route=%2Fwp%2Fv2%2Fcomments&post=31292"}],"version-history":[{"count":0,"href":"https:\/\/aconteceunovale.com.br\/portal\/index.php?rest_route=\/wp\/v2\/posts\/31292\/revisions"}],"wp:featuredmedia":[{"embeddable":true,"href":"https:\/\/aconteceunovale.com.br\/portal\/index.php?rest_route=\/wp\/v2\/media\/31293"}],"wp:attachment":[{"href":"https:\/\/aconteceunovale.com.br\/portal\/index.php?rest_route=%2Fwp%2Fv2%2Fmedia&parent=31292"}],"wp:term":[{"taxonomy":"category","embeddable":true,"href":"https:\/\/aconteceunovale.com.br\/portal\/index.php?rest_route=%2Fwp%2Fv2%2Fcategories&post=31292"},{"taxonomy":"post_tag","embeddable":true,"href":"https:\/\/aconteceunovale.com.br\/portal\/index.php?rest_route=%2Fwp%2Fv2%2Ftags&post=31292"}],"curies":[{"name":"wp","href":"https:\/\/api.w.org\/{rel}","templated":true}]}}