{"id":31290,"date":"2014-06-06T22:52:37","date_gmt":"2014-06-07T01:52:37","guid":{"rendered":"http:\/\/aconteceunovale.com.br\/portal\/?p=31290"},"modified":"2014-06-06T22:52:37","modified_gmt":"2014-06-07T01:52:37","slug":"homem-e-executado-a-tiros-em-rio-pardo-de-minas","status":"publish","type":"post","link":"https:\/\/aconteceunovale.com.br\/portal\/?p=31290","title":{"rendered":"Homem \u00e9 executado a tiros em Rio Pardo de Minas"},"content":{"rendered":"<p>Um rapaz de 27 anos foi executado a tiros no in\u00edcio da noite desta sexta-feira, 06 de junho, em Rio Pardo de Minas, no Norte do Estado. De acordo com informa\u00e7\u00f5es da Pol\u00edcia Militar, Fabulo Vieira Almeida, vulgo &#8220;Fabianinho&#8221;, foi atingido por 4 disparos de arma de fogo.<\/p>\n<p>O crime foi registrado na Rua S\u00e3o Jo\u00e3o do Para\u00edso, n\u00famero, 140, no Bairro Cidade Alta. No momento dos disparos, a v\u00edtima estava dentro de um com\u00e9rcio, conversando com o propriet\u00e1rio. A v\u00edtima havia sido presa em Taiobeiras sob acusa\u00e7\u00e3o de assalto e, recentemente, foi transferida para Rio Pardo de Minas, onde estava cumprindo pris\u00e3o no regime semiaberto.<\/p>\n<p>A Pol\u00edcia Militar faz rastreamentos na tentativa de localizar e prender o autor do crime, mas at\u00e9 o momento n\u00e3o existem pistas. Informa\u00e7\u00f5es poder\u00e3o ser repassadas para o 190 ou 181. <\/p>\n<p><em><strong>(Folha Regional)<\/strong><\/em><\/p>\n","protected":false},"excerpt":{"rendered":"<p>Um rapaz de 27 anos foi executado a tiros no in\u00edcio da noite desta sexta-feira, 06 de junho, em Rio Pardo de Minas, no Norte do Estado. De acordo com informa\u00e7\u00f5es da Pol\u00edcia Militar, Fabulo Vieira Almeida, vulgo &#8220;Fabianinho&#8221;, foi atingido por 4 disparos de arma de fogo. O crime foi registrado na Rua S\u00e3o [&hellip;]<\/p>\n","protected":false},"author":1,"featured_media":12845,"comment_status":"open","ping_status":"closed","sticky":false,"template":"","format":"standard","meta":{"amp_status":"","footnotes":""},"categories":[1236],"tags":[8615,421],"class_list":["post-31290","post","type-post","status-publish","format-standard","has-post-thumbnail","hentry","category-norte_de_minas","tag-homem-e-executado-a-tiros-em-rio-pardo-de-minas","tag-rio-pardo-de-minas"],"_links":{"self":[{"href":"https:\/\/aconteceunovale.com.br\/portal\/index.php?rest_route=\/wp\/v2\/posts\/31290","targetHints":{"allow":["GET"]}}],"collection":[{"href":"https:\/\/aconteceunovale.com.br\/portal\/index.php?rest_route=\/wp\/v2\/posts"}],"about":[{"href":"https:\/\/aconteceunovale.com.br\/portal\/index.php?rest_route=\/wp\/v2\/types\/post"}],"author":[{"embeddable":true,"href":"https:\/\/aconteceunovale.com.br\/portal\/index.php?rest_route=\/wp\/v2\/users\/1"}],"replies":[{"embeddable":true,"href":"https:\/\/aconteceunovale.com.br\/portal\/index.php?rest_route=%2Fwp%2Fv2%2Fcomments&post=31290"}],"version-history":[{"count":0,"href":"https:\/\/aconteceunovale.com.br\/portal\/index.php?rest_route=\/wp\/v2\/posts\/31290\/revisions"}],"wp:featuredmedia":[{"embeddable":true,"href":"https:\/\/aconteceunovale.com.br\/portal\/index.php?rest_route=\/wp\/v2\/media\/12845"}],"wp:attachment":[{"href":"https:\/\/aconteceunovale.com.br\/portal\/index.php?rest_route=%2Fwp%2Fv2%2Fmedia&parent=31290"}],"wp:term":[{"taxonomy":"category","embeddable":true,"href":"https:\/\/aconteceunovale.com.br\/portal\/index.php?rest_route=%2Fwp%2Fv2%2Fcategories&post=31290"},{"taxonomy":"post_tag","embeddable":true,"href":"https:\/\/aconteceunovale.com.br\/portal\/index.php?rest_route=%2Fwp%2Fv2%2Ftags&post=31290"}],"curies":[{"name":"wp","href":"https:\/\/api.w.org\/{rel}","templated":true}]}}