{"id":31285,"date":"2014-06-06T22:27:53","date_gmt":"2014-06-07T01:27:53","guid":{"rendered":"http:\/\/aconteceunovale.com.br\/portal\/?p=31285"},"modified":"2014-06-06T23:37:08","modified_gmt":"2014-06-07T02:37:08","slug":"policia-apresenta-suspeitos-de-envolvimento-na-morte-da-advogada-walkelle-damascena-em-teofilo-otoni","status":"publish","type":"post","link":"https:\/\/aconteceunovale.com.br\/portal\/?p=31285","title":{"rendered":"Pol\u00edcia apresenta suspeitos de envolvimento na morte da advogada Walkelle Damascena em Te\u00f3filo Otoni"},"content":{"rendered":"<p>Foram apresentados nesta sexta-feira, 06 de junho, os suspeitos de envolvimento no assassinato da advogada Walkelle Damascena Souza, de 24 anos. O crime foi registrado na tarde do dia 30 maio, em frente \u00e0 resid\u00eancia da v\u00edtima, na Rua Ant\u00f4nio Onofre, em Te\u00f3filo Otoni.<\/p>\n<p>Os suspeitos foram presos ontem, na zona rural de Bras\u00edlia de Minas, na regi\u00e3o norte do estado. O ex-namorado da v\u00edtima, In\u00e1cio Ramos Fernandes, foi preso juntamente com outros dois homens e uma mulher.<\/p>\n<p>Segundo a Pol\u00edcia Militar, na quarta-feira (4), In\u00e1cio j\u00e1 havia sido preso portando uma pistola 380 e R$ 22 mil reais, mas foi liberado ap\u00f3s o pagamento de fian\u00e7a. No entanto, ao registrar a ocorr\u00eancia, os militares descobriram que constava um registro contra o homem na cidade de Te\u00f3filo Otoni, de envolvimento no assassinato da ex-namorada.<\/p>\n<p>Sabedores da suspeita de envolvimento do cidad\u00e3o no crime ocorrido na cidade do Vale do Mucuri, policiais da Pol\u00edcia Civil e Militar prenderam novamente In\u00e1cio Ramos Fernandes e os comparsas Washington Souza Cruz, Ednei Mendes Carvalho e Maiane Gomes Pereira.<\/p>\n<p>A pol\u00edcia n\u00e3o confirmou se os dois rapazes e a mulher est\u00e3o envolvidos no crime, mas ressalta que n\u00e3o descarta a possibilidade de participa\u00e7\u00e3o. <\/p>\n<p>In\u00e1cio Ramos Fernandes \u00e9 o indiv\u00edduo de camiseta listrada, no centro da foto abaixo. Contra o ex-namorado de Walkelle, pesa os registros na pol\u00edcia por amea\u00e7as. De acordo com informa\u00e7\u00f5es levantadas, s\u00e3o sete no total, sendo que alguns deles de morte. Ele n\u00e3o aceitava o fim do relacionamento.<\/p>\n<p><img decoding=\"async\" src=\"http:\/\/aconteceunovale.com.br\/portal\/wp-content\/uploads\/2014\/06\/suspeitos_morte_advogada_teo.jpg\" alt=\"\" \/><em>(Foto: Reprodu\u00e7\u00e3o Facebook)<\/em><br \/>\n<\/br><\/p>\n<h4><strong>Leia mais sobre o caso:<\/strong><\/h4>\n<p><a href=\"http:\/\/aconteceunovale.com.br\/portal\/?p=30797\" target=\"_blank\">[+] Pol\u00edcia tem nova linha de investiga\u00e7\u00e3o para assassinato de filha de PM em Te\u00f3filo Otoni<\/a><\/p>\n<p><a href=\"http:\/\/aconteceunovale.com.br\/portal\/?p=30644\" target=\"_blank\">[+] Filha de policial militar \u00e9 assassinada a tiros em Te\u00f3filo Otoni<\/a><\/p>\n<p><img decoding=\"async\" src=\"http:\/\/aconteceunovale.com.br\/portal\/wp-content\/uploads\/2014\/06\/walkelle_vitima_inacio.jpg\" alt=\"\" \/>(A advogada foi assassinada na porta da casa onde morava em Te\u00f3filo Otoni &#8211; Foto: Reprodu\u00e7\u00e3o Facebook)<\/em><\/p>\n","protected":false},"excerpt":{"rendered":"<p>Foram apresentados nesta sexta-feira, 06 de junho, os suspeitos de envolvimento no assassinato da advogada Walkelle Damascena Souza, de 24 anos. O crime foi registrado na tarde do dia 30 maio, em frente \u00e0 resid\u00eancia da v\u00edtima, na Rua Ant\u00f4nio Onofre, em Te\u00f3filo Otoni. Os suspeitos foram presos ontem, na zona rural de Bras\u00edlia de [&hellip;]<\/p>\n","protected":false},"author":1,"featured_media":31286,"comment_status":"open","ping_status":"closed","sticky":false,"template":"","format":"standard","meta":{"amp_status":"","footnotes":""},"categories":[122],"tags":[8618,195,1018,8563,205,8614,8616,8617,164,8331],"class_list":["post-31285","post","type-post","status-publish","format-standard","has-post-thumbnail","hentry","category-mucuri","tag-assassinato-de-walkelle-damascena-souza","tag-brasilia-de-minas","tag-destaque","tag-inacio-ramos-fernandes","tag-januaria","tag-policia-apresenta-suspeitos-de-envolvimento-na-morte-da-advogada-walkelle-damascena-em-teofilo-otoni","tag-prisao-de-inacio-ramos-fernandes","tag-prisao-do-suspeito-de-matar-walkelle-damascena-souza","tag-teofilo-otoni","tag-walkelle-damascena-souza"],"_links":{"self":[{"href":"https:\/\/aconteceunovale.com.br\/portal\/index.php?rest_route=\/wp\/v2\/posts\/31285","targetHints":{"allow":["GET"]}}],"collection":[{"href":"https:\/\/aconteceunovale.com.br\/portal\/index.php?rest_route=\/wp\/v2\/posts"}],"about":[{"href":"https:\/\/aconteceunovale.com.br\/portal\/index.php?rest_route=\/wp\/v2\/types\/post"}],"author":[{"embeddable":true,"href":"https:\/\/aconteceunovale.com.br\/portal\/index.php?rest_route=\/wp\/v2\/users\/1"}],"replies":[{"embeddable":true,"href":"https:\/\/aconteceunovale.com.br\/portal\/index.php?rest_route=%2Fwp%2Fv2%2Fcomments&post=31285"}],"version-history":[{"count":0,"href":"https:\/\/aconteceunovale.com.br\/portal\/index.php?rest_route=\/wp\/v2\/posts\/31285\/revisions"}],"wp:featuredmedia":[{"embeddable":true,"href":"https:\/\/aconteceunovale.com.br\/portal\/index.php?rest_route=\/wp\/v2\/media\/31286"}],"wp:attachment":[{"href":"https:\/\/aconteceunovale.com.br\/portal\/index.php?rest_route=%2Fwp%2Fv2%2Fmedia&parent=31285"}],"wp:term":[{"taxonomy":"category","embeddable":true,"href":"https:\/\/aconteceunovale.com.br\/portal\/index.php?rest_route=%2Fwp%2Fv2%2Fcategories&post=31285"},{"taxonomy":"post_tag","embeddable":true,"href":"https:\/\/aconteceunovale.com.br\/portal\/index.php?rest_route=%2Fwp%2Fv2%2Ftags&post=31285"}],"curies":[{"name":"wp","href":"https:\/\/api.w.org\/{rel}","templated":true}]}}