{"id":31278,"date":"2014-06-06T21:23:27","date_gmt":"2014-06-07T00:23:27","guid":{"rendered":"http:\/\/aconteceunovale.com.br\/portal\/?p=31278"},"modified":"2014-06-06T21:23:27","modified_gmt":"2014-06-07T00:23:27","slug":"passeio-ciclistico-ambiental-encerra-a-semana-do-meio-ambiente-de-valadares-neste-domingo","status":"publish","type":"post","link":"https:\/\/aconteceunovale.com.br\/portal\/?p=31278","title":{"rendered":"Passeio Cicl\u00edstico Ambiental encerra a Semana do Meio Ambiente de Valadares neste domingo"},"content":{"rendered":"<p>Neste domingo (8) acontece a 7\u00aa edi\u00e7\u00e3o do Passeio Cicl\u00edstico Ambiental, em Governador Valadares, no Leste de Minas Gerais, que marca o encerramento da Semana do Meio Ambiente. A iniciativa visa estimular o uso de bicicleta entre a popula\u00e7\u00e3o e promover a seguran\u00e7a e a gentileza no tr\u00e2nsito.<\/p>\n<p>Todos os participantes inscritos v\u00e3o concorrer a 20 bicicletas, que ser\u00e3o sorteadas ao final do percurso, que ter\u00e1 in\u00edcio no estacionamento do shopping de Valadares. A concentra\u00e7\u00e3o para in\u00edcio do passeio ser\u00e1 \u00e0s 7h30, com previs\u00e3o de sa\u00edda para as 8h30.<\/p>\n<p>\u201cAssim como nos \u00faltimos seis anos, esperamos a participa\u00e7\u00e3o de cerca de 4.000 ciclistas, que ao completarem o percurso, concorrer\u00e3o ao sorteio de 20 bicicletas e v\u00e1rios outros brindes. O trajeto ser\u00e1 feito saindo do estacionamento do shopping e perfazendo uma volta pela orla da Ilha dos Ara\u00fajos, retornando \u00e0 Pra\u00e7a dos Pioneiros, onde ser\u00e1 realizada a premia\u00e7\u00e3o\u201d, afirma o comandante da 8\u00aa Cia PM Ind MAT, tenente coronel Fabr\u00edcio Casotti.<\/p>\n<p>O estudante de educa\u00e7\u00e3o f\u00edsica Jos\u00e9 Roberto Almeida, de 22 anos, vai participar do passeio pela terceira vez. O estudante diz que o evento estimula a pr\u00e1tica de exerc\u00edcios f\u00edsicos e promove o uso das bicicletas o que ajuda bastante o meio ambiente.<\/p>\n<p>\u201cQuanto menos ve\u00edculos utilizarmos e passarmos a usar as bicicletas vamos diminuir a polui\u00e7\u00e3o e contribuir com o meio ambiente. Al\u00e9m disso, as bicicletas s\u00e3o uma importante ferramenta para aqueles que pensam em praticar uma atividade f\u00edsica. Por isso eu n\u00e3o deixo de participar\u201d, garante Jos\u00e9 Roberto.<\/p>\n<h4><strong>Vale-brinde<\/strong><\/h4>\n<p>Durante a semana, militares da 8\u00aa Cia PM Ind MAT distribu\u00edram cupons vale-brindes nas principais ciclovias de Governador Valadares, para incentivar a participa\u00e7\u00e3o da popula\u00e7\u00e3o no evento. Al\u00e9m de receberem o cupom nas blitzes, os ciclistas poder\u00e3o adquirir o cupom tamb\u00e9m na sede da 8\u00aa Cia PM Ind MAT localizada na Avenida Rio Doce 4.079, Ilha dos Ara\u00fajos.<\/p>\n<p>\u201cAs tr\u00eas mil primeiras pessoas que levarem um cupom, destes que s\u00e3o distribu\u00eddos, e mais tr\u00eas garrafas pet vazias, v\u00e3o ganhar uma camisa para o Passeio Cicl\u00edstico e o direito de concorrer ao sorteio de 20 bicicletas e v\u00e1rios outros brindes\u201d, afirma o tenente coronel Casotti.<\/p>\n<p>O 7\u00ba Passeio Cicl\u00edstico Ambiental ter\u00e1 o apoio do policiamento de tr\u00e2nsito, Corpo de Bombeiros e profissionais de sa\u00fade da Pol\u00edcia Militar. Haver\u00e1 tamb\u00e9m mec\u00e2nicos de uma casa de bicicletas do Centro da cidade que estar\u00e3o dispon\u00edveis durante o trajeto para pequenos reparos nas bicicletas que precisarem do servi\u00e7o.<\/p>\n<p><img decoding=\"async\" src=\"http:\/\/aconteceunovale.com.br\/portal\/wp-content\/uploads\/2014\/06\/passeio_ciclistico_gv.jpg\" alt=\"\" \/><em>Assim como nas edi\u00e7\u00f5es passadas, expectativas \u00e9 de grande n\u00famero de ciclistas no passeio deste ano &#8211; (Foto: Divulga\u00e7\u00e3o\/8\u00aa Cia PM Ind MAT)<\/em><br \/>\n<\/br><\/p>\n<p><strong>(Fonte: G1 \/ Inter TV)<\/strong><\/p>\n","protected":false},"excerpt":{"rendered":"<p>Neste domingo (8) acontece a 7\u00aa edi\u00e7\u00e3o do Passeio Cicl\u00edstico Ambiental, em Governador Valadares, no Leste de Minas Gerais, que marca o encerramento da Semana do Meio Ambiente. A iniciativa visa estimular o uso de bicicleta entre a popula\u00e7\u00e3o e promover a seguran\u00e7a e a gentileza no tr\u00e2nsito. Todos os participantes inscritos v\u00e3o concorrer a [&hellip;]<\/p>\n","protected":false},"author":1,"featured_media":31279,"comment_status":"open","ping_status":"closed","sticky":false,"template":"","format":"standard","meta":{"amp_status":"","footnotes":""},"categories":[125],"tags":[8611,1018,247,8610],"class_list":["post-31278","post","type-post","status-publish","format-standard","has-post-thumbnail","hentry","category-noticias","tag-7o-passeio-ciclistico-ambiental-de-governador-valadares","tag-destaque","tag-governador-valadares","tag-passeio-ciclistico-ambiental-encerra-a-semana-do-meio-ambiente-de-valadares-neste-domingo"],"_links":{"self":[{"href":"https:\/\/aconteceunovale.com.br\/portal\/index.php?rest_route=\/wp\/v2\/posts\/31278","targetHints":{"allow":["GET"]}}],"collection":[{"href":"https:\/\/aconteceunovale.com.br\/portal\/index.php?rest_route=\/wp\/v2\/posts"}],"about":[{"href":"https:\/\/aconteceunovale.com.br\/portal\/index.php?rest_route=\/wp\/v2\/types\/post"}],"author":[{"embeddable":true,"href":"https:\/\/aconteceunovale.com.br\/portal\/index.php?rest_route=\/wp\/v2\/users\/1"}],"replies":[{"embeddable":true,"href":"https:\/\/aconteceunovale.com.br\/portal\/index.php?rest_route=%2Fwp%2Fv2%2Fcomments&post=31278"}],"version-history":[{"count":0,"href":"https:\/\/aconteceunovale.com.br\/portal\/index.php?rest_route=\/wp\/v2\/posts\/31278\/revisions"}],"wp:featuredmedia":[{"embeddable":true,"href":"https:\/\/aconteceunovale.com.br\/portal\/index.php?rest_route=\/wp\/v2\/media\/31279"}],"wp:attachment":[{"href":"https:\/\/aconteceunovale.com.br\/portal\/index.php?rest_route=%2Fwp%2Fv2%2Fmedia&parent=31278"}],"wp:term":[{"taxonomy":"category","embeddable":true,"href":"https:\/\/aconteceunovale.com.br\/portal\/index.php?rest_route=%2Fwp%2Fv2%2Fcategories&post=31278"},{"taxonomy":"post_tag","embeddable":true,"href":"https:\/\/aconteceunovale.com.br\/portal\/index.php?rest_route=%2Fwp%2Fv2%2Ftags&post=31278"}],"curies":[{"name":"wp","href":"https:\/\/api.w.org\/{rel}","templated":true}]}}