{"id":31273,"date":"2014-06-06T21:12:47","date_gmt":"2014-06-07T00:12:47","guid":{"rendered":"http:\/\/aconteceunovale.com.br\/portal\/?p=31273"},"modified":"2014-06-06T21:12:47","modified_gmt":"2014-06-07T00:12:47","slug":"homem-fratura-a-perna-apos-colidir-com-arvore-em-ipatinga","status":"publish","type":"post","link":"https:\/\/aconteceunovale.com.br\/portal\/?p=31273","title":{"rendered":"Homem fratura a perna ap\u00f3s colidir com \u00e1rvore em Ipatinga"},"content":{"rendered":"<p>Um rapaz de 22 anos fraturou o f\u00eamur na tarde desta sexta-feira (6) em Ipatinga ap\u00f3s o carro em que ele dirigia bater de frente em uma \u00e1rvore no bairro Bela Vista.<\/p>\n<p>Segundo informa\u00e7\u00f5es do Corpo de Bombeiros, a v\u00edtima teve ainda escoria\u00e7\u00f5es pelo corpo e foi levado para o hospital M\u00e1rcio Cunha.<\/p>\n<p>O pai da v\u00edtima disse que o filho teve uma noite ruim e viajava sozinho. Segundo ele o fato pode ter contribu\u00eddo para que o acidente acontecesse.<\/p>\n<p>&#8220;Ele sempre viaja acompanhado, mas hoje estava sozinho. Ele teve uma noite de sono ruim, talvez tenha dormido na dire\u00e7\u00e3o e provocado o acidente. Agrade\u00e7o a Deus por n\u00e3o ter acontecido o pior\u201d, declarou.<\/p>\n<p><img decoding=\"async\" src=\"http:\/\/aconteceunovale.com.br\/portal\/wp-content\/uploads\/2014\/06\/bateu_arvore_ipatinga_06_05.jpg\" alt=\"\" \/><\/p>\n<p><em><strong>(Foto: Wilkson Tarres \/ Informa\u00e7\u00f5es: Inter TV \/ G1)<\/strong><\/em><\/p>\n","protected":false},"excerpt":{"rendered":"<p>Um rapaz de 22 anos fraturou o f\u00eamur na tarde desta sexta-feira (6) em Ipatinga ap\u00f3s o carro em que ele dirigia bater de frente em uma \u00e1rvore no bairro Bela Vista. Segundo informa\u00e7\u00f5es do Corpo de Bombeiros, a v\u00edtima teve ainda escoria\u00e7\u00f5es pelo corpo e foi levado para o hospital M\u00e1rcio Cunha. O pai [&hellip;]<\/p>\n","protected":false},"author":1,"featured_media":31274,"comment_status":"open","ping_status":"closed","sticky":false,"template":"","format":"standard","meta":{"amp_status":"","footnotes":""},"categories":[121],"tags":[8608,201],"class_list":["post-31273","post","type-post","status-publish","format-standard","has-post-thumbnail","hentry","category-leste","tag-homem-fratura-a-perna-apos-colidir-com-arvore-em-ipatinga","tag-ipatinga"],"_links":{"self":[{"href":"https:\/\/aconteceunovale.com.br\/portal\/index.php?rest_route=\/wp\/v2\/posts\/31273","targetHints":{"allow":["GET"]}}],"collection":[{"href":"https:\/\/aconteceunovale.com.br\/portal\/index.php?rest_route=\/wp\/v2\/posts"}],"about":[{"href":"https:\/\/aconteceunovale.com.br\/portal\/index.php?rest_route=\/wp\/v2\/types\/post"}],"author":[{"embeddable":true,"href":"https:\/\/aconteceunovale.com.br\/portal\/index.php?rest_route=\/wp\/v2\/users\/1"}],"replies":[{"embeddable":true,"href":"https:\/\/aconteceunovale.com.br\/portal\/index.php?rest_route=%2Fwp%2Fv2%2Fcomments&post=31273"}],"version-history":[{"count":0,"href":"https:\/\/aconteceunovale.com.br\/portal\/index.php?rest_route=\/wp\/v2\/posts\/31273\/revisions"}],"wp:featuredmedia":[{"embeddable":true,"href":"https:\/\/aconteceunovale.com.br\/portal\/index.php?rest_route=\/wp\/v2\/media\/31274"}],"wp:attachment":[{"href":"https:\/\/aconteceunovale.com.br\/portal\/index.php?rest_route=%2Fwp%2Fv2%2Fmedia&parent=31273"}],"wp:term":[{"taxonomy":"category","embeddable":true,"href":"https:\/\/aconteceunovale.com.br\/portal\/index.php?rest_route=%2Fwp%2Fv2%2Fcategories&post=31273"},{"taxonomy":"post_tag","embeddable":true,"href":"https:\/\/aconteceunovale.com.br\/portal\/index.php?rest_route=%2Fwp%2Fv2%2Ftags&post=31273"}],"curies":[{"name":"wp","href":"https:\/\/api.w.org\/{rel}","templated":true}]}}