{"id":31261,"date":"2014-06-06T18:21:07","date_gmt":"2014-06-06T21:21:07","guid":{"rendered":"http:\/\/aconteceunovale.com.br\/portal\/?p=31261"},"modified":"2014-06-06T18:23:08","modified_gmt":"2014-06-06T21:23:08","slug":"pai-e-filho-sao-denunciados-por-trabalho-escravo-em-unai","status":"publish","type":"post","link":"https:\/\/aconteceunovale.com.br\/portal\/?p=31261","title":{"rendered":"Minist\u00e9rio P\u00fablico Federal denuncia fazendeiros por trabalho escravo em Una\u00ed"},"content":{"rendered":"<p>Dois fazendeiros est\u00e3o sendo denunciados pelo Minist\u00e9rio P\u00fablico Federal (MPF) em Una\u00ed, na regi\u00e3o Noroeste de Minas, por trabalho escravo. Quatro trabalhadores foram encontrados em situa\u00e7\u00f5es degradantes e eram impedidos de sair do local por causa de d\u00edvidas supostamente contra\u00eddas nas propriedades. A den\u00fancia foi divulgada nesta sexta-feira (6).<\/p>\n<p>Segundo o MPF,  Jos\u00e9 \u00c1lvares Rezende e o filho dele, Jos\u00e9 Zacarias \u00c1lvares Rezende, podem responder pelo crime de redu\u00e7\u00e3o de trabalhadores \u00e0 condi\u00e7\u00e3o an\u00e1loga a de escravo, enquadrado no artigo 149 do C\u00f3digo Penal. Al\u00e9m deles, tamb\u00e9m est\u00e3o sendo denunciados o lavrador Jo\u00e3o Batista da Silva e o motorista Valterc\u00edlio Rosa da Silva, ambos contratados pelos fazendeiros para intermediar a contrata\u00e7\u00e3o de m\u00e3o-de-obra escrava para os servi\u00e7os de carvoaria das fazendas Bocaina e Camisa.<\/p>\n<p>Os trabalhadores eram respons\u00e1veis por todo o processo produtivo, desde o corte e o transporte da lenha at\u00e9 a queima e a produ\u00e7\u00e3o do carv\u00e3o vegetal. Eles moravam em barracos nas fazendas onde n\u00e3o tinham acesso a instala\u00e7\u00f5es sanit\u00e1rias e tinham que fazer as necessidades ao ar livre, geralmente, no mato, sem higiene e sujeitos a acidentes com animais pe\u00e7onhentos. Al\u00e9m disso, eles n\u00e3o tinham direito a um local adequado para preparar as refei\u00e7\u00f5es, e comiam no ch\u00e3o ou em cima de peda\u00e7os de madeira.<\/p>\n<p>N\u00e3o havia \u00e1gua pot\u00e1vel suficiente para todos os trabalhadores, de forma que a mesma \u00e1gua que ficava armazenada em tambores sem tampa e era usada para o consumo, tamb\u00e9m era utilizada para o banho, para a lavagem de roupas e para cozinhar. <\/p>\n<h4><strong>Sem seguran\u00e7a<\/strong><\/h4>\n<p>Ainda de acordo com a den\u00fancia, os alojamentos ficavam pr\u00f3ximos aos fornos de carv\u00e3o e n\u00e3o tinham portas ou janelas com veda\u00e7\u00e3o adequada, o que seria essencial para a seguran\u00e7a dos trabalhadores. Os barracos eram prec\u00e1rios, de lona pl\u00e1stica e ch\u00e3o de terra batida, sem eletricidade. As camas eram improvisadas pelas pr\u00f3prias v\u00edtimas, com madeiras retiradas do local.<\/p>\n<p>Al\u00e9m disso, nenhum equipamento de seguran\u00e7a era fornecido aos trabalhadores, muito menos ferramentas de trabalho. Eles tinham que adquiri-las com a quantia que recebiam a t\u00edtulo de pagamento. Um dos empregados, por exemplo, teve que comprar a pr\u00f3pria motosserra para cortar a lenha.<\/p>\n<h4><strong>Sem liberdade<\/strong><\/h4>\n<p>Os quatro trabalhadores encontrados em condi\u00e7\u00f5es degradantes n\u00e3o podiam nem sair das fazendas. Eles n\u00e3o tinham registro em carteira de trabalho e ficavam presos porque tinham supostas d\u00edvidas com os empregadores. Os d\u00e9bitos eram anotados em cadernos aos quais eles n\u00e3o tinham acesso.<\/p>\n<p>O MPF considerou que os fazendeiros sabiam das condi\u00e7\u00f5es degradantes de trabalho, j\u00e1 que frequentavam os locais, situados perto das sedes e participavam da gest\u00e3o das atividades, al\u00e9m de serem os principais benefici\u00e1rios. J\u00e1 o motorista e o lavrador eram os respons\u00e1veis pelo gerenciamento direto nas carvoarias. Eram eles que administravam a execu\u00e7\u00e3o das tarefas, a contrata\u00e7\u00e3o e a dispensa dos empregados.<\/p>\n<p>A pena para o crime de trabalho escravo pode chegar a oito anos de pris\u00e3o. <\/p>\n<p><strong>(MPF \/ O Tempo)<\/strong><\/p>\n","protected":false},"excerpt":{"rendered":"<p>Dois fazendeiros est\u00e3o sendo denunciados pelo Minist\u00e9rio P\u00fablico Federal (MPF) em Una\u00ed, na regi\u00e3o Noroeste de Minas, por trabalho escravo. Quatro trabalhadores foram encontrados em situa\u00e7\u00f5es degradantes e eram impedidos de sair do local por causa de d\u00edvidas supostamente contra\u00eddas nas propriedades. A den\u00fancia foi divulgada nesta sexta-feira (6). Segundo o MPF, Jos\u00e9 \u00c1lvares Rezende [&hellip;]<\/p>\n","protected":false},"author":1,"featured_media":31262,"comment_status":"open","ping_status":"closed","sticky":false,"template":"","format":"standard","meta":{"amp_status":"","footnotes":""},"categories":[123],"tags":[8597,8598,8600,8599,222],"class_list":["post-31261","post","type-post","status-publish","format-standard","has-post-thumbnail","hentry","category-gerais","tag-jose-alvares-rezende","tag-jose-zacarias-alvares-rezende","tag-ministerio-publico-federal-denuncia-fazendeiros-por-trabalho-escravo-em-unai","tag-pai-e-filho-sao-denunciados-por-trabalho-escravo-em-unai","tag-unai"],"_links":{"self":[{"href":"https:\/\/aconteceunovale.com.br\/portal\/index.php?rest_route=\/wp\/v2\/posts\/31261","targetHints":{"allow":["GET"]}}],"collection":[{"href":"https:\/\/aconteceunovale.com.br\/portal\/index.php?rest_route=\/wp\/v2\/posts"}],"about":[{"href":"https:\/\/aconteceunovale.com.br\/portal\/index.php?rest_route=\/wp\/v2\/types\/post"}],"author":[{"embeddable":true,"href":"https:\/\/aconteceunovale.com.br\/portal\/index.php?rest_route=\/wp\/v2\/users\/1"}],"replies":[{"embeddable":true,"href":"https:\/\/aconteceunovale.com.br\/portal\/index.php?rest_route=%2Fwp%2Fv2%2Fcomments&post=31261"}],"version-history":[{"count":0,"href":"https:\/\/aconteceunovale.com.br\/portal\/index.php?rest_route=\/wp\/v2\/posts\/31261\/revisions"}],"wp:featuredmedia":[{"embeddable":true,"href":"https:\/\/aconteceunovale.com.br\/portal\/index.php?rest_route=\/wp\/v2\/media\/31262"}],"wp:attachment":[{"href":"https:\/\/aconteceunovale.com.br\/portal\/index.php?rest_route=%2Fwp%2Fv2%2Fmedia&parent=31261"}],"wp:term":[{"taxonomy":"category","embeddable":true,"href":"https:\/\/aconteceunovale.com.br\/portal\/index.php?rest_route=%2Fwp%2Fv2%2Fcategories&post=31261"},{"taxonomy":"post_tag","embeddable":true,"href":"https:\/\/aconteceunovale.com.br\/portal\/index.php?rest_route=%2Fwp%2Fv2%2Ftags&post=31261"}],"curies":[{"name":"wp","href":"https:\/\/api.w.org\/{rel}","templated":true}]}}