{"id":31258,"date":"2014-06-06T18:07:30","date_gmt":"2014-06-06T21:07:30","guid":{"rendered":"http:\/\/aconteceunovale.com.br\/portal\/?p=31258"},"modified":"2014-06-06T18:07:30","modified_gmt":"2014-06-06T21:07:30","slug":"policia-prende-trio-suspeito-de-comandar-trafico-em-bairro-de-santa-maria-do-suacui","status":"publish","type":"post","link":"https:\/\/aconteceunovale.com.br\/portal\/?p=31258","title":{"rendered":"Pol\u00edcia prende trio suspeito de comandar tr\u00e1fico em bairro de Santa Maria do Sua\u00e7u\u00ed"},"content":{"rendered":"<p>Com mandados de pris\u00e3o em m\u00e3os, a Pol\u00edcia Civil de Santa Maria do Sua\u00e7u\u00ed, comandada pelo delegado Dr. Marcelo Teot\u00f4nio, prendeu na manh\u00e3 desta sexta-feira (6), um trio, suspeito de comandar o tr\u00e1fico no bairro Alto do Cemit\u00e9rio. A a\u00e7\u00e3o contou com o apoio da Pol\u00edcia Militar.<\/p>\n<p>Segundo informou Marcelo, foram presos Diego Jeremias Fernandes, 21 anos, Jackson Jos\u00e9 Teixeira de Moira, 20 anos, e Samuel Machado Lopes, 20 anos. Ainda de acordo com o delegado, o trio, assim como outros dois suspeitos, que foram presos no m\u00eas de abril, eram investigados pela Pol\u00edcia desde fevereiro, quando travaram uma guerra, disputando o comando do tr\u00e1fico de drogas no bairro.<\/p>\n<p>Al\u00e9m dos mandados de pris\u00e3o, os civis cumpriram oito mandados de busca e apreens\u00e3o, mas segundo Marcelo, nada foi encontrado. O trio preso foi e encaminhado para a cadeia p\u00fablica de Santa Maria do Sua\u00e7u\u00ed.<\/p>\n<p><img decoding=\"async\" src=\"http:\/\/aconteceunovale.com.br\/portal\/wp-content\/uploads\/2014\/06\/trio_preso_sms_06_05.jpg\" alt=\"\" \/><\/p>\n<p><em><strong>(Foto: Pol\u00edcia Civil de Santa Maria do Sua\u00e7u\u00ed \/ Informa\u00e7\u00f5es: Folha de Guanh\u00e3es)<\/strong><\/em><\/p>\n","protected":false},"excerpt":{"rendered":"<p>Com mandados de pris\u00e3o em m\u00e3os, a Pol\u00edcia Civil de Santa Maria do Sua\u00e7u\u00ed, comandada pelo delegado Dr. Marcelo Teot\u00f4nio, prendeu na manh\u00e3 desta sexta-feira (6), um trio, suspeito de comandar o tr\u00e1fico no bairro Alto do Cemit\u00e9rio. A a\u00e7\u00e3o contou com o apoio da Pol\u00edcia Militar. Segundo informou Marcelo, foram presos Diego Jeremias Fernandes, [&hellip;]<\/p>\n","protected":false},"author":1,"featured_media":31259,"comment_status":"open","ping_status":"closed","sticky":false,"template":"","format":"standard","meta":{"amp_status":"","footnotes":""},"categories":[121],"tags":[1018,8594,8595,8593,8596,240],"class_list":["post-31258","post","type-post","status-publish","format-standard","has-post-thumbnail","hentry","category-leste","tag-destaque","tag-diego-jeremias-fernandes","tag-jackson-jose-teixeira-de-moira","tag-policia-prende-trio-suspeito-de-comandar-trafico-em-bairro-de-santa-maria-do-suacui","tag-samuel-machado-lopes","tag-santa-maria-do-suacui"],"_links":{"self":[{"href":"https:\/\/aconteceunovale.com.br\/portal\/index.php?rest_route=\/wp\/v2\/posts\/31258","targetHints":{"allow":["GET"]}}],"collection":[{"href":"https:\/\/aconteceunovale.com.br\/portal\/index.php?rest_route=\/wp\/v2\/posts"}],"about":[{"href":"https:\/\/aconteceunovale.com.br\/portal\/index.php?rest_route=\/wp\/v2\/types\/post"}],"author":[{"embeddable":true,"href":"https:\/\/aconteceunovale.com.br\/portal\/index.php?rest_route=\/wp\/v2\/users\/1"}],"replies":[{"embeddable":true,"href":"https:\/\/aconteceunovale.com.br\/portal\/index.php?rest_route=%2Fwp%2Fv2%2Fcomments&post=31258"}],"version-history":[{"count":0,"href":"https:\/\/aconteceunovale.com.br\/portal\/index.php?rest_route=\/wp\/v2\/posts\/31258\/revisions"}],"wp:featuredmedia":[{"embeddable":true,"href":"https:\/\/aconteceunovale.com.br\/portal\/index.php?rest_route=\/wp\/v2\/media\/31259"}],"wp:attachment":[{"href":"https:\/\/aconteceunovale.com.br\/portal\/index.php?rest_route=%2Fwp%2Fv2%2Fmedia&parent=31258"}],"wp:term":[{"taxonomy":"category","embeddable":true,"href":"https:\/\/aconteceunovale.com.br\/portal\/index.php?rest_route=%2Fwp%2Fv2%2Fcategories&post=31258"},{"taxonomy":"post_tag","embeddable":true,"href":"https:\/\/aconteceunovale.com.br\/portal\/index.php?rest_route=%2Fwp%2Fv2%2Ftags&post=31258"}],"curies":[{"name":"wp","href":"https:\/\/api.w.org\/{rel}","templated":true}]}}