{"id":31255,"date":"2014-06-06T17:48:25","date_gmt":"2014-06-06T20:48:25","guid":{"rendered":"http:\/\/aconteceunovale.com.br\/portal\/?p=31255"},"modified":"2014-06-06T17:48:25","modified_gmt":"2014-06-06T20:48:25","slug":"moradores-fazem-protesto-por-morte-de-portador-de-transtorno-mental-em-montes-claros","status":"publish","type":"post","link":"https:\/\/aconteceunovale.com.br\/portal\/?p=31255","title":{"rendered":"Moradores fazem protesto por morte de portador de transtorno mental em Montes Claros"},"content":{"rendered":"<p>Um grupo de aproximadamente 150 moradores realizou um protesto e depredou um \u00f4nibus na manh\u00e3 desta sexta-feira (6) na rua Bel\u00e9m, no bairro Vila Mauric\u00e9ia, em Montes Claros (MG). O ato foi pela morte de um rapaz de 18 anos, portador de transtorno mental, que teria sido morto ap\u00f3s ser espancado por policiais, segundo os manifestantes.<\/p>\n<p><img decoding=\"async\" src=\"http:\/\/aconteceunovale.com.br\/portal\/wp-content\/uploads\/2014\/06\/protesto_moc_06_05.jpg\" alt=\"\" \/><strong><em>Um \u00f4nibus foi depredado pelos moradores. (Foto: Ana Cl\u00e1udia Mendes\/ Inter TV)<\/em><\/strong><br \/>\n<\/br><\/p>\n<p>\u201cEle sempre levantava e ficava aqui sentado [no passeio], n\u00e3o mexia com nada. Ser\u00e1 poss\u00edvel que um morador n\u00e3o tem o direito de ficar na porta da casa da gente?!\u201d, comenta a m\u00e3e da v\u00edtima, Gislene Machado.<\/p>\n<p>Segundo a m\u00e3e da v\u00edtima e uma vizinha da fam\u00edlia, alguns policiais, por volta das 21h30 de quinta-feira (5), teriam espancado, dado botinadas e batido a cabe\u00e7a do rapaz em uma parede. \u201cEle quase n\u00e3o dormia. Tomava rem\u00e9dio controlado. Tinha mais ou menos uns quatro dias que ele estava em cima da cama, n\u00e3o fazia nada. Sa\u00eda um pouquinho e voltava. E os policiais chegaram e bateram nele\u201d, diz Gislene.<\/p>\n<p>Debilitado e vomitando sangue, como conta a m\u00e3e da v\u00edtima, o rapaz de 18 anos foi levado para um hospital de Montes Claros. A morte do rapaz desencadeou o protesto dos moradores que depredaram um \u00f4nibus e colocaram fogo em pneus, interrompendo o tr\u00e2nsito da via. <\/p>\n<p>\u201cN\u00f3s n\u00e3o queremos brigar com a pol\u00edcia, porque tem muito policial bom, mas tem muito policial &#8216;porqueira&#8217;. Acha que s\u00f3 por que eles t\u00eam uma \u2018arminha\u2019 do lado eles podem tudo?! Quem pode tudo \u00e9 Deus e eu vou querer justi\u00e7a\u201d, desabafa Gislene Machado.<\/p>\n<p>O tenente da Pol\u00edcia Militar, Joaquim Ribeiro, informou que ao chegar ao local \u201cos  moradores da Vila Mauric\u00e9ia estavam bastante agitados, depredaram o \u00f4nibus e colocaram fogo na via p\u00fablica\u201d. Ainda segundo o militar, sobre a den\u00fancia de abuso da pol\u00edcia, \u201ctoda den\u00fancia contra policiais militares s\u00e3o devidamente investigadas e se o caso proceder ser\u00e1 realizado um inqu\u00e9rito policial para apurar todos os fatos\u201d.<\/p>\n<p><strong>(Inter TV \/ G1)<\/strong><\/p>\n","protected":false},"excerpt":{"rendered":"<p>Um grupo de aproximadamente 150 moradores realizou um protesto e depredou um \u00f4nibus na manh\u00e3 desta sexta-feira (6) na rua Bel\u00e9m, no bairro Vila Mauric\u00e9ia, em Montes Claros (MG). O ato foi pela morte de um rapaz de 18 anos, portador de transtorno mental, que teria sido morto ap\u00f3s ser espancado por policiais, segundo os [&hellip;]<\/p>\n","protected":false},"author":1,"featured_media":31256,"comment_status":"open","ping_status":"closed","sticky":false,"template":"","format":"standard","meta":{"amp_status":"","footnotes":""},"categories":[1236],"tags":[1018,210,8592],"class_list":["post-31255","post","type-post","status-publish","format-standard","has-post-thumbnail","hentry","category-norte_de_minas","tag-destaque","tag-montes-claros","tag-moradores-fazem-protesto-por-morte-de-portador-de-transtorno-mental-em-montes-claros"],"_links":{"self":[{"href":"https:\/\/aconteceunovale.com.br\/portal\/index.php?rest_route=\/wp\/v2\/posts\/31255","targetHints":{"allow":["GET"]}}],"collection":[{"href":"https:\/\/aconteceunovale.com.br\/portal\/index.php?rest_route=\/wp\/v2\/posts"}],"about":[{"href":"https:\/\/aconteceunovale.com.br\/portal\/index.php?rest_route=\/wp\/v2\/types\/post"}],"author":[{"embeddable":true,"href":"https:\/\/aconteceunovale.com.br\/portal\/index.php?rest_route=\/wp\/v2\/users\/1"}],"replies":[{"embeddable":true,"href":"https:\/\/aconteceunovale.com.br\/portal\/index.php?rest_route=%2Fwp%2Fv2%2Fcomments&post=31255"}],"version-history":[{"count":0,"href":"https:\/\/aconteceunovale.com.br\/portal\/index.php?rest_route=\/wp\/v2\/posts\/31255\/revisions"}],"wp:featuredmedia":[{"embeddable":true,"href":"https:\/\/aconteceunovale.com.br\/portal\/index.php?rest_route=\/wp\/v2\/media\/31256"}],"wp:attachment":[{"href":"https:\/\/aconteceunovale.com.br\/portal\/index.php?rest_route=%2Fwp%2Fv2%2Fmedia&parent=31255"}],"wp:term":[{"taxonomy":"category","embeddable":true,"href":"https:\/\/aconteceunovale.com.br\/portal\/index.php?rest_route=%2Fwp%2Fv2%2Fcategories&post=31255"},{"taxonomy":"post_tag","embeddable":true,"href":"https:\/\/aconteceunovale.com.br\/portal\/index.php?rest_route=%2Fwp%2Fv2%2Ftags&post=31255"}],"curies":[{"name":"wp","href":"https:\/\/api.w.org\/{rel}","templated":true}]}}