{"id":31239,"date":"2014-06-06T13:08:32","date_gmt":"2014-06-06T16:08:32","guid":{"rendered":"http:\/\/aconteceunovale.com.br\/portal\/?p=31239"},"modified":"2014-06-06T13:08:32","modified_gmt":"2014-06-06T16:08:32","slug":"vereador-de-janauba-e-preso-por-desacato-e-direcao-perigosa","status":"publish","type":"post","link":"https:\/\/aconteceunovale.com.br\/portal\/?p=31239","title":{"rendered":"Vereador de Jana\u00faba \u00e9 preso por desacato e dire\u00e7\u00e3o perigosa"},"content":{"rendered":"<p>O vereador de Jana\u00faba (MG) Claudio Fidelix Martins foi detido na madrugada desta sexta-feira (6) por dire\u00e7\u00e3o perigosa, desacato e les\u00e3o corporal. Segundo a Pol\u00edcia Militar, Claudio estacionou o carro dele no meio de uma rua. Ao ser abordado pela PM, se recusou a tirar o ve\u00edculo do local e desacatou uma soldado.<\/p>\n<p>Em seguida, de acordo com a PM, o parlamentar arrancou o ve\u00edculo e foi para o outro lado da via. A soldado solicitou os documentos do condutor, que n\u00e3o quis mostr\u00e1-los. Em seguida, ele jogou o carro contra a militar, atingindo-a no bra\u00e7o direito. Ainda segundo a pol\u00edcia, o motorista fugiu em alta velocidade e colocou em risco a vida de outras pessoas que participavam de um evento no parque de exposi\u00e7\u00f5es e transitavam pelo local.<\/p>\n<p>Como o vereador desrespeitou a ordem de parada dada pela soldado, outros policiais militares foram acionados e ele acabou sendo abordado na Rua dos Bandeirantes, no Bairro S\u00e3o Gon\u00e7alo.<\/p>\n<p>Claudio Fidelix foi preso e o ve\u00edculo dele foi removido ao p\u00e1tio. Foram recolhidos o certificado de registro e licenciamento do ve\u00edculo e a carteira de habilita\u00e7\u00e3o do motorista. Ele recebeu tr\u00eas autua\u00e7\u00f5es.<\/p>\n<p>A soldado atingida pelo carro foi levada para o hospital com dores no bra\u00e7o. O vereador disse a um policial por telefone que est\u00e1 passando por problemas familiares, por isso estava exaltado e nervoso. Claudio Fidelix Martins foi ouvido e liberado. (G1)<\/p>\n","protected":false},"excerpt":{"rendered":"<p>O vereador de Jana\u00faba (MG) Claudio Fidelix Martins foi detido na madrugada desta sexta-feira (6) por dire\u00e7\u00e3o perigosa, desacato e les\u00e3o corporal. Segundo a Pol\u00edcia Militar, Claudio estacionou o carro dele no meio de uma rua. Ao ser abordado pela PM, se recusou a tirar o ve\u00edculo do local e desacatou uma soldado. Em seguida, [&hellip;]<\/p>\n","protected":false},"author":1,"featured_media":31240,"comment_status":"open","ping_status":"closed","sticky":false,"template":"","format":"standard","meta":{"amp_status":"","footnotes":""},"categories":[1236],"tags":[8589,204,8588],"class_list":["post-31239","post","type-post","status-publish","format-standard","has-post-thumbnail","hentry","category-norte_de_minas","tag-claudio-fidelix-martins","tag-janauba","tag-vereador-de-janauba-e-preso-por-desacato-e-direcao-perigosa"],"_links":{"self":[{"href":"https:\/\/aconteceunovale.com.br\/portal\/index.php?rest_route=\/wp\/v2\/posts\/31239","targetHints":{"allow":["GET"]}}],"collection":[{"href":"https:\/\/aconteceunovale.com.br\/portal\/index.php?rest_route=\/wp\/v2\/posts"}],"about":[{"href":"https:\/\/aconteceunovale.com.br\/portal\/index.php?rest_route=\/wp\/v2\/types\/post"}],"author":[{"embeddable":true,"href":"https:\/\/aconteceunovale.com.br\/portal\/index.php?rest_route=\/wp\/v2\/users\/1"}],"replies":[{"embeddable":true,"href":"https:\/\/aconteceunovale.com.br\/portal\/index.php?rest_route=%2Fwp%2Fv2%2Fcomments&post=31239"}],"version-history":[{"count":0,"href":"https:\/\/aconteceunovale.com.br\/portal\/index.php?rest_route=\/wp\/v2\/posts\/31239\/revisions"}],"wp:featuredmedia":[{"embeddable":true,"href":"https:\/\/aconteceunovale.com.br\/portal\/index.php?rest_route=\/wp\/v2\/media\/31240"}],"wp:attachment":[{"href":"https:\/\/aconteceunovale.com.br\/portal\/index.php?rest_route=%2Fwp%2Fv2%2Fmedia&parent=31239"}],"wp:term":[{"taxonomy":"category","embeddable":true,"href":"https:\/\/aconteceunovale.com.br\/portal\/index.php?rest_route=%2Fwp%2Fv2%2Fcategories&post=31239"},{"taxonomy":"post_tag","embeddable":true,"href":"https:\/\/aconteceunovale.com.br\/portal\/index.php?rest_route=%2Fwp%2Fv2%2Ftags&post=31239"}],"curies":[{"name":"wp","href":"https:\/\/api.w.org\/{rel}","templated":true}]}}