{"id":31236,"date":"2014-06-06T11:40:54","date_gmt":"2014-06-06T14:40:54","guid":{"rendered":"http:\/\/aconteceunovale.com.br\/portal\/?p=31236"},"modified":"2014-06-06T11:40:54","modified_gmt":"2014-06-06T14:40:54","slug":"capelinhense-participa-do-programa-do-jo-e-conta-que-ja-mentiu-para-se-da-bem-na-vida","status":"publish","type":"post","link":"https:\/\/aconteceunovale.com.br\/portal\/?p=31236","title":{"rendered":"Capelinhense participa do Programa do J\u00f4 e conta que j\u00e1 mentiu para se d\u00e1 bem na vida"},"content":{"rendered":"<p>O produtor de eventos, Tim Soier, propriet\u00e1rio da empresa Tim Soier Promo\u00e7\u00f5es e Eventos, uma das maiores produtoras de eventos do Estado de Minas Gerais, participou na noite desta quinta-feira, 05 de junho, do Programa do J\u00f4, da Rede Globo de Televis\u00e3o.<\/p>\n<p>Em entrevista descontra\u00edda, o mineiro contou ao apresentador que n\u00e3o v\u00ea maldade em uma mentirinha. Ele disse que com 19 anos de idade, foi morar em Belo Horizonte com um primo muito rico, o &#8220;Toninho&#8221;, da dupla sertaneja Ant\u00f4nio Carlos &#038; Renato.<\/p>\n<p><img decoding=\"async\" src=\"http:\/\/aconteceunovale.com.br\/portal\/wp-content\/uploads\/2014\/06\/tim_soier_programa_do_jo.jpg\" alt=\"\" \/><em>(Foto: Reprodu\u00e7\u00e3o Rede Globo)<\/em><br \/>\n<\/br><\/p>\n<p>Ainda segundo ele, na \u00e9poca ele n\u00e3o mentia, mas as pessoas achavam que ele tinha dinheiro, por causa do primo e porque ele andava de carr\u00e3o e frequentava as melhores boates da cidade, mas na verdade ele estava &#8220;mo\u00eddo&#8221;. Ele ainda contou durante a entrevista que tinha apenas tr\u00eas pares de roupa.<\/p>\n<p>Durante a entrevista, ele revelou tamb\u00e9m que at\u00e9 a edi\u00e7\u00e3o do Big Brother Brasil 8, fingia que era amigo do Boninho, produtor do programa, para se dar bem com a mulherada. O apresentador classificou a a\u00e7\u00e3o como uma canalhice e parabenizou o entrevistado por conseguir criar uma vida em cima de uma fic\u00e7\u00e3o.<\/p>\n<p><em>Assista a entrevista completa:<\/em><\/p>\n<p><a href=\"http:\/\/globotv.globo.com\/t\/programa\/v\/tim-soier-e-produtor-de-eventos-e-nao-ve-maldade-em-uma-mentirinha\/3397496\/\" target=\"_blank\">http:\/\/globotv.globo.com\/t\/programa\/v\/tim-soier-e-produtor-de-eventos-e-nao-ve-maldade-em-uma-mentirinha\/3397496\/<\/a><\/p>\n","protected":false},"excerpt":{"rendered":"<p>O produtor de eventos, Tim Soier, propriet\u00e1rio da empresa Tim Soier Promo\u00e7\u00f5es e Eventos, uma das maiores produtoras de eventos do Estado de Minas Gerais, participou na noite desta quinta-feira, 05 de junho, do Programa do J\u00f4, da Rede Globo de Televis\u00e3o. Em entrevista descontra\u00edda, o mineiro contou ao apresentador que n\u00e3o v\u00ea maldade em [&hellip;]<\/p>\n","protected":false},"author":1,"featured_media":31237,"comment_status":"open","ping_status":"closed","sticky":false,"template":"","format":"standard","meta":{"amp_status":"","footnotes":""},"categories":[123],"tags":[132,8584,1018,8586,8585,8587],"class_list":["post-31236","post","type-post","status-publish","format-standard","has-post-thumbnail","hentry","category-gerais","tag-capelinha","tag-capelinhense-participa-do-programa-do-jo-e-conta-que-ja-mentiu-para-se-da-bem-na-vida","tag-destaque","tag-entrevista-do-tim-soier-no-programa-no-jo","tag-tim-soier","tag-tim-soier-no-programa-do-jo"],"_links":{"self":[{"href":"https:\/\/aconteceunovale.com.br\/portal\/index.php?rest_route=\/wp\/v2\/posts\/31236","targetHints":{"allow":["GET"]}}],"collection":[{"href":"https:\/\/aconteceunovale.com.br\/portal\/index.php?rest_route=\/wp\/v2\/posts"}],"about":[{"href":"https:\/\/aconteceunovale.com.br\/portal\/index.php?rest_route=\/wp\/v2\/types\/post"}],"author":[{"embeddable":true,"href":"https:\/\/aconteceunovale.com.br\/portal\/index.php?rest_route=\/wp\/v2\/users\/1"}],"replies":[{"embeddable":true,"href":"https:\/\/aconteceunovale.com.br\/portal\/index.php?rest_route=%2Fwp%2Fv2%2Fcomments&post=31236"}],"version-history":[{"count":0,"href":"https:\/\/aconteceunovale.com.br\/portal\/index.php?rest_route=\/wp\/v2\/posts\/31236\/revisions"}],"wp:featuredmedia":[{"embeddable":true,"href":"https:\/\/aconteceunovale.com.br\/portal\/index.php?rest_route=\/wp\/v2\/media\/31237"}],"wp:attachment":[{"href":"https:\/\/aconteceunovale.com.br\/portal\/index.php?rest_route=%2Fwp%2Fv2%2Fmedia&parent=31236"}],"wp:term":[{"taxonomy":"category","embeddable":true,"href":"https:\/\/aconteceunovale.com.br\/portal\/index.php?rest_route=%2Fwp%2Fv2%2Fcategories&post=31236"},{"taxonomy":"post_tag","embeddable":true,"href":"https:\/\/aconteceunovale.com.br\/portal\/index.php?rest_route=%2Fwp%2Fv2%2Ftags&post=31236"}],"curies":[{"name":"wp","href":"https:\/\/api.w.org\/{rel}","templated":true}]}}