{"id":31221,"date":"2014-06-06T10:39:18","date_gmt":"2014-06-06T13:39:18","guid":{"rendered":"http:\/\/aconteceunovale.com.br\/portal\/?p=31221"},"modified":"2014-06-06T10:39:18","modified_gmt":"2014-06-06T13:39:18","slug":"municipios-devem-assumir-ativos-da-iluminacao-publica-a-partir-de-2015","status":"publish","type":"post","link":"https:\/\/aconteceunovale.com.br\/portal\/?p=31221","title":{"rendered":"Munic\u00edpios devem assumir ativos da ilumina\u00e7\u00e3o p\u00fablica a partir de 2015"},"content":{"rendered":"<p>Por determina\u00e7\u00e3o da Ag\u00eancia Nacional de Energia El\u00e9trica (Aneel), os ativos de ilumina\u00e7\u00e3o p\u00fablica passar\u00e3o a ser de responsabilidades dos munic\u00edpios, a partir do in\u00edcio de 2015, em virtude da publica\u00e7\u00e3o da resolu\u00e7\u00e3o normativa 414\/2010 do \u00f3rg\u00e3o regulador.<\/p>\n<p>Dessa forma, a Companhia Energ\u00e9tica de Minas Gerais (Cemig) est\u00e1 auxiliando os munic\u00edpios na organiza\u00e7\u00e3o do servi\u00e7o de manuten\u00e7\u00e3o, especificando o material adequado, disponibilizando normas e orienta\u00e7\u00f5es t\u00e9cnicas e chamando aten\u00e7\u00e3o para os aspectos de seguran\u00e7a necess\u00e1rios.<\/p>\n<p>A medida da Aneel cumpre uma determina\u00e7\u00e3o da Constitui\u00e7\u00e3o Federal de 1988 que, no artigo 30, transfere aos munic\u00edpios a compet\u00eancia para \u201corganizar e prestar, diretamente ou sob regime de concess\u00e3o ou permiss\u00e3o, os servi\u00e7os p\u00fablicos de interesse local\u201d.<\/p>\n<p>Em abril de 2012, o \u00f3rg\u00e3o regulador publicou as Resolu\u00e7\u00f5es 479\/2012 e 480\/2012 com os resultados das audi\u00eancias p\u00fablicas e estipulou prazo at\u00e9 31 de janeiro de 2014 para a transfer\u00eancia dos ativos de ilumina\u00e7\u00e3o p\u00fablica das distribuidoras para os munic\u00edpios. Contudo, com o pedido das prefeituras, a Aneel, posteriormente, prorrogou o prazo de adequa\u00e7\u00e3o para janeiro do ano que vem.<\/p>\n<p>Nos \u00faltimos meses, a Cemig e o Governo do Estado de Minas Gerais est\u00e3o organizando eventos voltados para a orienta\u00e7\u00e3o de representantes de munic\u00edpios e associa\u00e7\u00f5es, que receberam atendimentos disponibilizados.<\/p>\n<p>O material disponibilizado pela Companhia traz v\u00e1rias informa\u00e7\u00f5es sobre o assunto, com destaque para orienta\u00e7\u00f5es t\u00e9cnicas, possibilidade de viabilizar cons\u00f3rcios, simula\u00e7\u00f5es de custos da manuten\u00e7\u00e3o por munic\u00edpio, dentre outros.<\/p>\n<p>Desde a publica\u00e7\u00e3o da Resolu\u00e7\u00e3o Normativa 414\/2010 da Aneel, a Cemig tem intensificado o di\u00e1logo com as prefeituras. Desde 2011, a Companhia realizou reuni\u00f5es e apresenta\u00e7\u00f5es para prefeituras, Associa\u00e7\u00f5es Microrregionais de Munic\u00edpios, Associa\u00e7\u00e3o Mineira de Munic\u00edpios (AMM) e Frente Mineira de Prefeitos (FMP), dentre outras entidades.<\/p>\n<p>Em setembro do mesmo ano, o \u00f3rg\u00e3o regulador suspendeu os prazos para a transfer\u00eancia e abriu audi\u00eancias p\u00fablicas para ampliar o debate sobre o assunto.<\/p>\n<p>No ano passado, a Cemig enviou aos munic\u00edpios correspond\u00eancias informando a data da transfer\u00eancia com a rela\u00e7\u00e3o dos ativos de ilumina\u00e7\u00e3o p\u00fablica e a minuta do Termo de Transfer\u00eancia e Acordo Operativo do Sistema de Ilumina\u00e7\u00e3o P\u00fablica.<\/p>\n<p>At\u00e9 por esse motivo, algumas prefeituras j\u00e1 assumiram a expans\u00e3o e opera\u00e7\u00e3o das instala\u00e7\u00f5es de ilumina\u00e7\u00e3o p\u00fablica, como Betim, Nova Lima, Montes Claros, Ita\u00fana, Nanuque e Ribeir\u00e3o das Neves. Em n\u00fameros mais abrangentes, vale ressaltar que aproximadamente 75% dos munic\u00edpios brasileiros j\u00e1 fazem a gest\u00e3o desses ativos.<\/p>\n<p>Com o auxilio dados aos munic\u00edpios e o prazo para adequa\u00e7\u00e3o para a norma publicada pela Aneel h\u00e1 quatro anos, a Cemig acredita que Minas Gerais est\u00e1 no caminho certo para o repasse e gest\u00e3o dos ativos de ilumina\u00e7\u00e3o p\u00fablica para as prefeituras. (CEMIG)<\/p>\n","protected":false},"excerpt":{"rendered":"<p>Por determina\u00e7\u00e3o da Ag\u00eancia Nacional de Energia El\u00e9trica (Aneel), os ativos de ilumina\u00e7\u00e3o p\u00fablica passar\u00e3o a ser de responsabilidades dos munic\u00edpios, a partir do in\u00edcio de 2015, em virtude da publica\u00e7\u00e3o da resolu\u00e7\u00e3o normativa 414\/2010 do \u00f3rg\u00e3o regulador. Dessa forma, a Companhia Energ\u00e9tica de Minas Gerais (Cemig) est\u00e1 auxiliando os munic\u00edpios na organiza\u00e7\u00e3o do servi\u00e7o [&hellip;]<\/p>\n","protected":false},"author":1,"featured_media":31222,"comment_status":"open","ping_status":"closed","sticky":false,"template":"","format":"standard","meta":{"amp_status":"","footnotes":""},"categories":[123],"tags":[1018,8575],"class_list":["post-31221","post","type-post","status-publish","format-standard","has-post-thumbnail","hentry","category-gerais","tag-destaque","tag-municipios-devem-assumir-ativos-da-iluminacao-publica-a-partir-de-2015"],"_links":{"self":[{"href":"https:\/\/aconteceunovale.com.br\/portal\/index.php?rest_route=\/wp\/v2\/posts\/31221","targetHints":{"allow":["GET"]}}],"collection":[{"href":"https:\/\/aconteceunovale.com.br\/portal\/index.php?rest_route=\/wp\/v2\/posts"}],"about":[{"href":"https:\/\/aconteceunovale.com.br\/portal\/index.php?rest_route=\/wp\/v2\/types\/post"}],"author":[{"embeddable":true,"href":"https:\/\/aconteceunovale.com.br\/portal\/index.php?rest_route=\/wp\/v2\/users\/1"}],"replies":[{"embeddable":true,"href":"https:\/\/aconteceunovale.com.br\/portal\/index.php?rest_route=%2Fwp%2Fv2%2Fcomments&post=31221"}],"version-history":[{"count":0,"href":"https:\/\/aconteceunovale.com.br\/portal\/index.php?rest_route=\/wp\/v2\/posts\/31221\/revisions"}],"wp:featuredmedia":[{"embeddable":true,"href":"https:\/\/aconteceunovale.com.br\/portal\/index.php?rest_route=\/wp\/v2\/media\/31222"}],"wp:attachment":[{"href":"https:\/\/aconteceunovale.com.br\/portal\/index.php?rest_route=%2Fwp%2Fv2%2Fmedia&parent=31221"}],"wp:term":[{"taxonomy":"category","embeddable":true,"href":"https:\/\/aconteceunovale.com.br\/portal\/index.php?rest_route=%2Fwp%2Fv2%2Fcategories&post=31221"},{"taxonomy":"post_tag","embeddable":true,"href":"https:\/\/aconteceunovale.com.br\/portal\/index.php?rest_route=%2Fwp%2Fv2%2Ftags&post=31221"}],"curies":[{"name":"wp","href":"https:\/\/api.w.org\/{rel}","templated":true}]}}