{"id":31218,"date":"2014-06-06T10:33:23","date_gmt":"2014-06-06T13:33:23","guid":{"rendered":"http:\/\/aconteceunovale.com.br\/portal\/?p=31218"},"modified":"2014-06-06T10:34:17","modified_gmt":"2014-06-06T13:34:17","slug":"forca-tarefa-percorre-cidades-do-vale-do-jequitinhonha-para-identificar-focos-de-desmatamento-ilegal","status":"publish","type":"post","link":"https:\/\/aconteceunovale.com.br\/portal\/?p=31218","title":{"rendered":"For\u00e7a Tarefa percorre cidades do Vale do Jequitinhonha para identificar focos de desmatamento ilegal"},"content":{"rendered":"<h4><strong>Uma for\u00e7a-tarefa foi montada depois que a Funda\u00e7\u00e3o SOS Mata Atl\u00e2ntica e o Instituto Nacional de Pesquisas Espaciais (Inpe) apontaram Minas como o l\u00edder do desmatamento pelo quarto ano consecutivo<\/strong><\/h4>\n<p>Minas Gerais foi apontado pelo quarto ano consecutivo como o estado brasileiro onde h\u00e1 mais supress\u00e3o de mata atl\u00e2ntica. Para tentar diminuir o \u00edndice de desmatamento, o Sistema Estadual de Meio Ambiente e Recursos H\u00eddricos (Sisema) finaliza nesta sexta-feira uma for\u00e7a-tarefa por sete cidades onde foram constatados a maior \u00e1rea desmatada no Estado. Nesses munic\u00edpios, o que predomina \u00e9 a a\u00e7\u00e3o de carvoeiros. O resultado da a\u00e7\u00e3o ser\u00e1 divulgado no in\u00edcio da pr\u00f3xima semana.<\/p>\n<p>A for\u00e7a-tarefa acontece em continua\u00e7\u00e3o de uma opera\u00e7\u00e3o que come\u00e7ou em julho deste ano. At\u00e9 agosto, aproximadamente 10 mil hectares foram verificados, sendo lavrados 25 Autos de Infra\u00e7\u00e3o. Al\u00e9m disso, desde junho os Documentos Autorizativos de Interven\u00e7\u00e3o Ambiental (Daias) e as Autoriza\u00e7\u00f5es de Interven\u00e7\u00e3o Ambiental (Aias), para a silvicultura no Bioma Mata Atl\u00e2ntica, est\u00e3o suspensas temporariamente. \u201cJ\u00e1 fizemos a a\u00e7\u00e3o de fiscaliza\u00e7\u00e3o, agora contamos com o deslocamentos das equipes em campo para fiscalizar os munic\u00edpios que apontaram maiores \u00edndices de desmatamentos\u201d, explica Marcelo da Fonseca, Superintendente de Fiscaliza\u00e7\u00e3o Ambiental Integrada da Secretaria de Estado de Meio-Ambiente e Desenvolvimento Sustent\u00e1vel (Semad). <\/p>\n<p>Desde segunda-feira, seis equipes est\u00e3o percorrendo os munic\u00edpios de Almenara, \u00c1guas Vermelhas, Itinga, Jequitinhonha, Ladainha, Novo Cruzeiro e Padre Para\u00edso. \u201cEssas cidades est\u00e3o entre as dez que mais provocam o desmatamento no Estado. As outras tr\u00eas que n\u00e3o est\u00e3o presente, j\u00e1 conseguimos fiscalizar anteriormente\u201d, afirma o superintendente. <\/p>\n<p>As equipes v\u00e3o fazer o levantamento de 89 focos de desmate. Caso seja comprovadas as irregularidades, os respons\u00e1veis ser\u00e3o autuados administrativamente e criminalmente. As \u00e1reas que foram percorridas s\u00e3o identificadas anteriormente pela Semad. \u201cCom base no monitoramento cont\u00ednuo, conseguimos identificar os pol\u00edgono comuns de desmatamento. Com os dados, fazemos o acompanhamento e elaboramos croquis com os dados. As equipes percorrem os trecos com ajuda de GPS\u201d, diz Marcelo da Fonseca. <\/p>\n<p>De acordo com o superintendente, os principais alvos s\u00e3o carvoeiros que agem nos munic\u00edpios. Os dados das autua\u00e7\u00f5es ser\u00e3o divulgados na pr\u00f3xima semana. <\/p>\n<h4><strong>Minas l\u00edder do ranking de desmatamento <\/strong><\/h4>\n<p>Em junho deste ano, a Funda\u00e7\u00e3o SOS Mata Atl\u00e2ntica e o Instituto Nacional de Pesquisas Espaciais (Inpe) divulgaram dados tristes para Minas Gerais sobre o desmatamento. O estudo apontou que o Estado onde h\u00e1 mais supress\u00e3o de mata atl\u00e2ntica do pa\u00eds. Esse t\u00edtulo foi dado pelo quarto ano consecutivo. A pesquisa mostra que foram desmatados no pa\u00eds 23.548 hectares de vegeta\u00e7\u00e3o nativa entre 2011 e 2012, aumento de 29% em rela\u00e7\u00e3o ao per\u00edodo anterior, segundo publicado no atlas dos remanescentes florestais. Quase metade da destrui\u00e7\u00e3o ocorreu em Minas, com 10.752 hectares desmatados em dois anos, seguido da Bahia e Piau\u00ed.<\/p>\n<p><strong>(Estado de Minas)<\/strong><\/p>\n","protected":false},"excerpt":{"rendered":"<p>Uma for\u00e7a-tarefa foi montada depois que a Funda\u00e7\u00e3o SOS Mata Atl\u00e2ntica e o Instituto Nacional de Pesquisas Espaciais (Inpe) apontaram Minas como o l\u00edder do desmatamento pelo quarto ano consecutivo Minas Gerais foi apontado pelo quarto ano consecutivo como o estado brasileiro onde h\u00e1 mais supress\u00e3o de mata atl\u00e2ntica. Para tentar diminuir o \u00edndice de [&hellip;]<\/p>\n","protected":false},"author":1,"featured_media":27294,"comment_status":"open","ping_status":"closed","sticky":false,"template":"","format":"standard","meta":{"amp_status":"","footnotes":""},"categories":[120],"tags":[4202,142,8574,189,344,175,572,206030],"class_list":["post-31218","post","type-post","status-publish","format-standard","has-post-thumbnail","hentry","category-jequi","tag-aguas-vermelhas","tag-almenara","tag-forca-tarefa-percorre-cidades-do-vale-do-jequitinhonha-para-identificar-focos-de-desmatamento-ilegal","tag-itinga","tag-ladainha","tag-novo-cruzeiro","tag-padre-paraiso","tag-jequi"],"_links":{"self":[{"href":"https:\/\/aconteceunovale.com.br\/portal\/index.php?rest_route=\/wp\/v2\/posts\/31218","targetHints":{"allow":["GET"]}}],"collection":[{"href":"https:\/\/aconteceunovale.com.br\/portal\/index.php?rest_route=\/wp\/v2\/posts"}],"about":[{"href":"https:\/\/aconteceunovale.com.br\/portal\/index.php?rest_route=\/wp\/v2\/types\/post"}],"author":[{"embeddable":true,"href":"https:\/\/aconteceunovale.com.br\/portal\/index.php?rest_route=\/wp\/v2\/users\/1"}],"replies":[{"embeddable":true,"href":"https:\/\/aconteceunovale.com.br\/portal\/index.php?rest_route=%2Fwp%2Fv2%2Fcomments&post=31218"}],"version-history":[{"count":0,"href":"https:\/\/aconteceunovale.com.br\/portal\/index.php?rest_route=\/wp\/v2\/posts\/31218\/revisions"}],"wp:featuredmedia":[{"embeddable":true,"href":"https:\/\/aconteceunovale.com.br\/portal\/index.php?rest_route=\/wp\/v2\/media\/27294"}],"wp:attachment":[{"href":"https:\/\/aconteceunovale.com.br\/portal\/index.php?rest_route=%2Fwp%2Fv2%2Fmedia&parent=31218"}],"wp:term":[{"taxonomy":"category","embeddable":true,"href":"https:\/\/aconteceunovale.com.br\/portal\/index.php?rest_route=%2Fwp%2Fv2%2Fcategories&post=31218"},{"taxonomy":"post_tag","embeddable":true,"href":"https:\/\/aconteceunovale.com.br\/portal\/index.php?rest_route=%2Fwp%2Fv2%2Ftags&post=31218"}],"curies":[{"name":"wp","href":"https:\/\/api.w.org\/{rel}","templated":true}]}}