{"id":31203,"date":"2014-06-06T08:54:37","date_gmt":"2014-06-06T11:54:37","guid":{"rendered":"http:\/\/aconteceunovale.com.br\/portal\/?p=31203"},"modified":"2014-06-06T08:54:37","modified_gmt":"2014-06-06T11:54:37","slug":"encontro-com-foco-na-promocao-da-paz-no-vale-do-jequitinhonha-chega-ao-fim-em-aracuai","status":"publish","type":"post","link":"https:\/\/aconteceunovale.com.br\/portal\/?p=31203","title":{"rendered":"Encontro com foco na promo\u00e7\u00e3o da paz no Vale do Jequitinhonha chega ao fim em Ara\u00e7ua\u00ed"},"content":{"rendered":"<h4><strong>Edi\u00e7\u00e3o do Forpaz realizado em Ara\u00e7ua\u00ed \u00e9 a \u00faltima a\u00e7\u00e3o do F\u00f3rum nesse semestre<\/strong><\/h4>\n<p>A XVI edi\u00e7\u00e3o do F\u00f3rum de Promo\u00e7\u00e3o da Paz no Ambiente Escolar (Forpaz) foi encerrada ontem (5), em Ara\u00e7ua\u00ed. Mas as li\u00e7\u00f5es de paz ficam para as escolas que participaram do encontro, que reuniu aproximadamente 350 pessoas, entre elas entre educadores, alunos, diretores de escolas e parceiros.<\/p>\n<p>Durante dois dias, educadores, gestores escolares, alunos e parceiros locais participar\u00e3o de palestras e oficinas voltadas \u00e0 forma\u00e7\u00e3o de uma rede para a promo\u00e7\u00e3o da cultura da paz nas escolas da regional. Entre os temas das palestras estiveram: \u201cSistema e A\u00e7\u00f5es de Garantia dos Direitos das crian\u00e7as e do Adolescente\u201d, \u201cPol\u00edticas de Assist\u00eancia, Seguran\u00e7a e Preven\u00e7\u00e3o\u201d e \u201cA\u00e7\u00f5es de Enfrentamento ao Crack\u201d.<\/p>\n<p><img decoding=\"async\" src=\"http:\/\/aconteceunovale.com.br\/portal\/wp-content\/uploads\/2014\/06\/forpaz_ara_1.jpg\" alt=\"\" \/><strong><em>F\u00f3rum reuniu aproximadamente 350 pessoas, entre educadores, alunos e parceiros. Foto: Arquivo da SRE Ara\u00e7ua\u00ed<\/em><\/strong><br \/>\n<\/br><\/p>\n<p>O balan\u00e7o do evento \u00e9 positivo para a diretora da Superintend\u00eancia Regional de Ensino de Ara\u00e7ua\u00ed, Sandra Regina Batista de Moraes. \u201cFoi um evento que serviu para compartilhar nossas experi\u00eancias, junto com os nossos parceiros, como a pol\u00edcia, a Prefeitura, conselheiros, secret\u00e1rios municipais, fechando assim um compromisso para fortalecer nossas rela\u00e7\u00f5es e promover a paz. Eu estou muito feliz porque sei que \u00e9 um passo muito grande, agora \u00e9 continuar com as nossas parcerias.\u201d.<\/p>\n<p>Para Maria do Ros\u00e1rio de F\u00e1tima Vieira Queiroz, diretora da Escola Estadual Catulo Cearense, do munic\u00edpio de Virgem da Lapa, a parceria entre Secretaria de Estado de Educa\u00e7\u00e3o, escola e outras institui\u00e7\u00f5es s\u00e3o fundamentais para a promo\u00e7\u00e3o da paz. \u201cEnquanto houver pessoas pensando em promover a paz na sociedade haver\u00e1 uma gera\u00e7\u00e3o de homens bons, livres, promovendo a paz, a justi\u00e7a, o crescimento. O Forpaz \u00e9 um momento de reflex\u00e3o, quando vemos que n\u00f3s podemos fazer muita diferen\u00e7a na vida das pessoas com nossas atitudes e nas a\u00e7\u00f5es das escolas\u201d, diz.<\/p>\n<p><img decoding=\"async\" src=\"http:\/\/aconteceunovale.com.br\/portal\/wp-content\/uploads\/2014\/06\/forpaz_ara_2.jpg\" alt=\"\" \/><strong><em>Um coral de alunos da Escola Estadual Arthur Berganholi, que apresentou sua experi\u00eancia na promo\u00e7\u00e3o da paz, se apresentou no evento. Foto: Arquivo SRE Ara\u00e7ua\u00ed<\/em><\/strong><br \/>\n<\/br><\/p>\n<p>Na Escola Estadual Coronel Mariano Murta, localizada em Coronel Murta, o trabalho pela promo\u00e7\u00e3o da paz \u00e9 constante e ser\u00e1 ainda maior depois da participa\u00e7\u00e3o da diretora, Eus\u00e2nia da Silva Jardim, nessa edi\u00e7\u00e3o do Forpaz. \u201cOuvimos diversos setores e a soma dessas falas vai ajudar a resolver os conflitos que surgem de lares desestruturados, das ruas, e que des\u00e1guam nas escolas, que lidam com diferentes comportamentos, realidades socais, perfis. \u00c9 preciso implementar a\u00e7\u00f5es que tragam a paz. Para isso, queremos articular parcerias e que os educandos sejam protagonistas dessas a\u00e7\u00f5es\u201d, afirma a gestora.<\/p>\n<p>Essa edi\u00e7\u00e3o est\u00e1 encerrada, assim como as a\u00e7\u00f5es do primeiro semestre do Forpaz. Mas o trabalho continua. Ainda no m\u00eas de junho, a Secretaria de Estado de Educa\u00e7\u00e3o, Defensoria P\u00fablica e parceiros da iniciativa se reunir\u00e3o para definirem a agenda de atividades do Forpaz para o segundo semestre de 2014.<\/p>\n<h4><strong>Trabalho integrado para a promo\u00e7\u00e3o da paz<\/strong><\/h4>\n<p>O Forpaz nasceu de um trabalho idealizado pela Defensoria P\u00fablica de Minas Gerais em 2007 e foi implementado em escolas da Regi\u00e3o Metropolitana de Belo Horizonte. Em 2011, o F\u00f3rum ampliou-se e ganhou for\u00e7a com a ades\u00e3o da Secretaria de Estado de Educa\u00e7\u00e3o e com as a\u00e7\u00f5es propostas no F\u00f3rum T\u00e9cnico de Seguran\u00e7a nas Escolas, da Assembleia Legislativa de Minas Gerais, promovido pelas Comiss\u00f5es de Educa\u00e7\u00e3o e Seguran\u00e7a P\u00fablica. Atualmente, 22 institui\u00e7\u00f5es, organiza\u00e7\u00f5es, entidades e \u00f3rg\u00e3os atuam junto ao Forpaz, com destaque para a ades\u00e3o do Minist\u00e9rio P\u00fablico do Estado de Minas Gerais, por meio da Promotoria Especial da Educa\u00e7\u00e3o (Proeduc).<\/p>\n<p><strong>(Secretaria Estadual de Educa\u00e7\u00e3o)<\/strong><\/p>\n","protected":false},"excerpt":{"rendered":"<p>Edi\u00e7\u00e3o do Forpaz realizado em Ara\u00e7ua\u00ed \u00e9 a \u00faltima a\u00e7\u00e3o do F\u00f3rum nesse semestre A XVI edi\u00e7\u00e3o do F\u00f3rum de Promo\u00e7\u00e3o da Paz no Ambiente Escolar (Forpaz) foi encerrada ontem (5), em Ara\u00e7ua\u00ed. Mas as li\u00e7\u00f5es de paz ficam para as escolas que participaram do encontro, que reuniu aproximadamente 350 pessoas, entre elas entre educadores, [&hellip;]<\/p>\n","protected":false},"author":1,"featured_media":31204,"comment_status":"open","ping_status":"closed","sticky":false,"template":"","format":"standard","meta":{"amp_status":"","footnotes":""},"categories":[120],"tags":[186,483,1018,8567,8566,482,8565],"class_list":["post-31203","post","type-post","status-publish","format-standard","has-post-thumbnail","hentry","category-jequi","tag-aracuai","tag-coronel-murta","tag-destaque","tag-encontro-com-foco-na-promocao-da-paz-no-vale-do-jequitinhonha-chega-ao-fim-em-aracuai","tag-forpaz","tag-virgem-da-lapa","tag-xvi-edicao-do-forum-de-promocao-da-paz-no-ambiente-escolar"],"_links":{"self":[{"href":"https:\/\/aconteceunovale.com.br\/portal\/index.php?rest_route=\/wp\/v2\/posts\/31203","targetHints":{"allow":["GET"]}}],"collection":[{"href":"https:\/\/aconteceunovale.com.br\/portal\/index.php?rest_route=\/wp\/v2\/posts"}],"about":[{"href":"https:\/\/aconteceunovale.com.br\/portal\/index.php?rest_route=\/wp\/v2\/types\/post"}],"author":[{"embeddable":true,"href":"https:\/\/aconteceunovale.com.br\/portal\/index.php?rest_route=\/wp\/v2\/users\/1"}],"replies":[{"embeddable":true,"href":"https:\/\/aconteceunovale.com.br\/portal\/index.php?rest_route=%2Fwp%2Fv2%2Fcomments&post=31203"}],"version-history":[{"count":0,"href":"https:\/\/aconteceunovale.com.br\/portal\/index.php?rest_route=\/wp\/v2\/posts\/31203\/revisions"}],"wp:featuredmedia":[{"embeddable":true,"href":"https:\/\/aconteceunovale.com.br\/portal\/index.php?rest_route=\/wp\/v2\/media\/31204"}],"wp:attachment":[{"href":"https:\/\/aconteceunovale.com.br\/portal\/index.php?rest_route=%2Fwp%2Fv2%2Fmedia&parent=31203"}],"wp:term":[{"taxonomy":"category","embeddable":true,"href":"https:\/\/aconteceunovale.com.br\/portal\/index.php?rest_route=%2Fwp%2Fv2%2Fcategories&post=31203"},{"taxonomy":"post_tag","embeddable":true,"href":"https:\/\/aconteceunovale.com.br\/portal\/index.php?rest_route=%2Fwp%2Fv2%2Ftags&post=31203"}],"curies":[{"name":"wp","href":"https:\/\/api.w.org\/{rel}","templated":true}]}}