{"id":31188,"date":"2014-06-05T23:05:21","date_gmt":"2014-06-06T02:05:21","guid":{"rendered":"http:\/\/aconteceunovale.com.br\/portal\/?p=31188"},"modified":"2014-06-05T23:05:21","modified_gmt":"2014-06-06T02:05:21","slug":"policia-militar-forma-turma-do-popi-em-aracuai","status":"publish","type":"post","link":"https:\/\/aconteceunovale.com.br\/portal\/?p=31188","title":{"rendered":"Pol\u00edcia Militar forma turma do POPI em Ara\u00e7ua\u00ed"},"content":{"rendered":"<p>A Pol\u00edcia Militar de Ara\u00e7ua\u00ed, no Vale do Jequitinhonha, realizou na noite da \u00faltima ter\u00e7a-feira (3) a solenidade de formatura do Curso POPI &#8211; Pol\u00edcia de Prote\u00e7\u00e3o Integral a Crian\u00e7a e ao Adolescente. O POPI \u00e9 um programa desenvolvido pela Pol\u00edcia Militar com crian\u00e7as e adolescentes dos 6 aos 18 anos, estudantes das escolas p\u00fablicas. Em Ara\u00e7ua\u00ed, o  curso foi ministrado pela Sargento Fl\u00e1via, que durante a solenidade foi muito aplaudida e elogiada pelo seu trabalho.<\/p>\n<p><img decoding=\"async\" src=\"http:\/\/aconteceunovale.com.br\/portal\/wp-content\/uploads\/2014\/06\/turma_pop_ara_06_06.jpg\" alt=\"\" \/><em>(Foto: Divulga\u00e7\u00e3o \/ Pol\u00edcia Militar)<\/em><br \/>\n<\/br><\/p>\n<p>A cerim\u00f4nia aconteceu no audit\u00f3rio da Escola Estadual Industrial S\u00e3o Jos\u00e9 que foi cuidadosamente organizado e decorado com malha e bal\u00f5es com as cores  da Pol\u00edcia Militar. A solenidade teve o Pelot\u00e3o de Honra ensaiado e comandado pela instrutora do POPI, realizando o ato de incorpora\u00e7\u00e3o da Bandeira Nacional Brasileira sobre os acordes do Hino da Bandeira entoado pelos alunos.<\/p>\n<p>Durante a solenidade, foram premiados aqueles que elaboraram a melhor reda\u00e7\u00e3o de cada escola, tendo recebido das m\u00e3os das autoridades presentes, um trof\u00e9u, medalha e chocolates, como forma de se estimular a leitura.<\/p>\n<p>Alunos da Escola Aparecida Dutra fizeram o agradecimento em homenagem \u00e0 Sargento Fl\u00e1via, que se emocionou com o carinho dos 80 formandos.<\/p>\n<p>Houve ainda apresenta\u00e7\u00e3o musical com Hillary e Stefanne cantando a m\u00fasica: Conquistando o Imposs\u00edvel &#8211; Jamily. Os alunos da Escola. Brincando e Aprendendo 2 apresentaram uma coreografia da can\u00e7\u00e3o do POPI.<\/p>\n<p>E por fim, em grande estilo, o PM Amigo Legal chegou para animar a crian\u00e7ada, cumprimentando as autoridades e descendo juntamente com a Sargento Fl\u00e1via para cantar e dan\u00e7ar a can\u00e7\u00e3o do POPI com os formandos. A anima\u00e7\u00e3o e a alegria foi total, surpreendendo a todos os presentes.<\/p>\n<p>Cerca de 300 pessoas participaram do evento entre elas, pais de alunos e diretores  das escolas p\u00fablicas que  dirigiram diversos elogios \u00e0 Pol\u00edcia Militar.<\/p>\n","protected":false},"excerpt":{"rendered":"<p>A Pol\u00edcia Militar de Ara\u00e7ua\u00ed, no Vale do Jequitinhonha, realizou na noite da \u00faltima ter\u00e7a-feira (3) a solenidade de formatura do Curso POPI &#8211; Pol\u00edcia de Prote\u00e7\u00e3o Integral a Crian\u00e7a e ao Adolescente. O POPI \u00e9 um programa desenvolvido pela Pol\u00edcia Militar com crian\u00e7as e adolescentes dos 6 aos 18 anos, estudantes das escolas p\u00fablicas. [&hellip;]<\/p>\n","protected":false},"author":1,"featured_media":31189,"comment_status":"open","ping_status":"closed","sticky":false,"template":"","format":"standard","meta":{"amp_status":"","footnotes":""},"categories":[120],"tags":[186,8560],"class_list":["post-31188","post","type-post","status-publish","format-standard","has-post-thumbnail","hentry","category-jequi","tag-aracuai","tag-policia-militar-forma-turma-do-popi-em-aracuai"],"_links":{"self":[{"href":"https:\/\/aconteceunovale.com.br\/portal\/index.php?rest_route=\/wp\/v2\/posts\/31188","targetHints":{"allow":["GET"]}}],"collection":[{"href":"https:\/\/aconteceunovale.com.br\/portal\/index.php?rest_route=\/wp\/v2\/posts"}],"about":[{"href":"https:\/\/aconteceunovale.com.br\/portal\/index.php?rest_route=\/wp\/v2\/types\/post"}],"author":[{"embeddable":true,"href":"https:\/\/aconteceunovale.com.br\/portal\/index.php?rest_route=\/wp\/v2\/users\/1"}],"replies":[{"embeddable":true,"href":"https:\/\/aconteceunovale.com.br\/portal\/index.php?rest_route=%2Fwp%2Fv2%2Fcomments&post=31188"}],"version-history":[{"count":0,"href":"https:\/\/aconteceunovale.com.br\/portal\/index.php?rest_route=\/wp\/v2\/posts\/31188\/revisions"}],"wp:featuredmedia":[{"embeddable":true,"href":"https:\/\/aconteceunovale.com.br\/portal\/index.php?rest_route=\/wp\/v2\/media\/31189"}],"wp:attachment":[{"href":"https:\/\/aconteceunovale.com.br\/portal\/index.php?rest_route=%2Fwp%2Fv2%2Fmedia&parent=31188"}],"wp:term":[{"taxonomy":"category","embeddable":true,"href":"https:\/\/aconteceunovale.com.br\/portal\/index.php?rest_route=%2Fwp%2Fv2%2Fcategories&post=31188"},{"taxonomy":"post_tag","embeddable":true,"href":"https:\/\/aconteceunovale.com.br\/portal\/index.php?rest_route=%2Fwp%2Fv2%2Ftags&post=31188"}],"curies":[{"name":"wp","href":"https:\/\/api.w.org\/{rel}","templated":true}]}}