{"id":31185,"date":"2014-06-05T22:57:43","date_gmt":"2014-06-06T01:57:43","guid":{"rendered":"http:\/\/aconteceunovale.com.br\/portal\/?p=31185"},"modified":"2014-06-05T22:57:43","modified_gmt":"2014-06-06T01:57:43","slug":"morador-de-rua-e-agredido-no-bairro-sao-jose-em-montes-claros","status":"publish","type":"post","link":"https:\/\/aconteceunovale.com.br\/portal\/?p=31185","title":{"rendered":"Morador de rua \u00e9 agredido no bairro S\u00e3o Jos\u00e9 em Montes Claros"},"content":{"rendered":"<p>Um morador de rua foi espancado na tarde desta quinta-feira (5) em Montes Claros, Norte de Minas Gerais. A v\u00edtima, conhecida por Jo\u00e3o, vive no bairro S\u00e3o Jos\u00e9, regi\u00e3o central da cidade.  A agress\u00e3o deixou os vizinhos ver revoltados.<\/p>\n<p>Segundo uma moradora, que n\u00e3o quis se identificar, a pessoa que agrediu o mendigo trabalha na obra de reforma do campo de futebol do Ateneu que fica no memso bairro. \u201cO agressor estava com um cigarro e chegou a queimar o rosto do Jo\u00e3o e bateu com uma pedra, causando os ferimentos\u201d, diz.<\/p>\n<p>De acordo com a moradora, o morador de rua j\u00e1 foi v\u00edtima do mesmo agressor. \u201cEsta n\u00e3o \u00e9 a primeira vez que ele faz isso. H\u00e1 cerca de um m\u00eas, no per\u00edodo da manh\u00e3, ele espancou o Jo\u00e3o da mesma forma\u201d, completa.<\/p>\n<p>O aposentado Juvenal Caldeira afirma que Jo\u00e3o mora no bairro h\u00e1 cerca de dois anos. Desde esta \u00e9poca, segundo Caldeira, a popula\u00e7\u00e3o se mobilizou para conseguir interna\u00e7\u00e3o para o morador de rua. \u201cJ\u00e1 fizemos abaixo assinado e entregamos \u00e0 prefeitura, c\u00e2mara municipal solicitando repouso para ele e at\u00e9 agora nada\u201d.<\/p>\n<p>Ainda de acordo com os moradores, as agress\u00f5es aconteceram por volta das 17 horas e cerca de uma hora depois a pol\u00edcia ainda n\u00e3o havia chegado ao local.<\/p>\n<p>Procurada pela reportagem, a assessoria de comunica\u00e7\u00e3o da prefeitura de Montes Claros disse que ir\u00e1 se pronunciar sobre o assunto nesta sexta-feira (6).<\/p>\n<p><img decoding=\"async\" src=\"http:\/\/aconteceunovale.com.br\/portal\/wp-content\/uploads\/2014\/06\/morador_rua_moc.jpg\" alt=\"\" \/><\/p>\n<p><em><strong>(Foto: Valdivan Veloso \/ Informa\u00e7\u00f5es: Inter TV\/G1)<\/strong><\/em><\/p>\n","protected":false},"excerpt":{"rendered":"<p>Um morador de rua foi espancado na tarde desta quinta-feira (5) em Montes Claros, Norte de Minas Gerais. A v\u00edtima, conhecida por Jo\u00e3o, vive no bairro S\u00e3o Jos\u00e9, regi\u00e3o central da cidade. A agress\u00e3o deixou os vizinhos ver revoltados. Segundo uma moradora, que n\u00e3o quis se identificar, a pessoa que agrediu o mendigo trabalha na [&hellip;]<\/p>\n","protected":false},"author":1,"featured_media":31186,"comment_status":"open","ping_status":"closed","sticky":false,"template":"","format":"standard","meta":{"amp_status":"","footnotes":""},"categories":[1236],"tags":[210,8559],"class_list":["post-31185","post","type-post","status-publish","format-standard","has-post-thumbnail","hentry","category-norte_de_minas","tag-montes-claros","tag-morador-de-rua-e-agredido-no-bairro-sao-jose-em-montes-claros"],"_links":{"self":[{"href":"https:\/\/aconteceunovale.com.br\/portal\/index.php?rest_route=\/wp\/v2\/posts\/31185","targetHints":{"allow":["GET"]}}],"collection":[{"href":"https:\/\/aconteceunovale.com.br\/portal\/index.php?rest_route=\/wp\/v2\/posts"}],"about":[{"href":"https:\/\/aconteceunovale.com.br\/portal\/index.php?rest_route=\/wp\/v2\/types\/post"}],"author":[{"embeddable":true,"href":"https:\/\/aconteceunovale.com.br\/portal\/index.php?rest_route=\/wp\/v2\/users\/1"}],"replies":[{"embeddable":true,"href":"https:\/\/aconteceunovale.com.br\/portal\/index.php?rest_route=%2Fwp%2Fv2%2Fcomments&post=31185"}],"version-history":[{"count":0,"href":"https:\/\/aconteceunovale.com.br\/portal\/index.php?rest_route=\/wp\/v2\/posts\/31185\/revisions"}],"wp:featuredmedia":[{"embeddable":true,"href":"https:\/\/aconteceunovale.com.br\/portal\/index.php?rest_route=\/wp\/v2\/media\/31186"}],"wp:attachment":[{"href":"https:\/\/aconteceunovale.com.br\/portal\/index.php?rest_route=%2Fwp%2Fv2%2Fmedia&parent=31185"}],"wp:term":[{"taxonomy":"category","embeddable":true,"href":"https:\/\/aconteceunovale.com.br\/portal\/index.php?rest_route=%2Fwp%2Fv2%2Fcategories&post=31185"},{"taxonomy":"post_tag","embeddable":true,"href":"https:\/\/aconteceunovale.com.br\/portal\/index.php?rest_route=%2Fwp%2Fv2%2Ftags&post=31185"}],"curies":[{"name":"wp","href":"https:\/\/api.w.org\/{rel}","templated":true}]}}