{"id":31182,"date":"2014-06-05T22:51:49","date_gmt":"2014-06-06T01:51:49","guid":{"rendered":"http:\/\/aconteceunovale.com.br\/portal\/?p=31182"},"modified":"2014-06-05T23:20:35","modified_gmt":"2014-06-06T02:20:35","slug":"motorista-foge-sem-prestar-socorro-apos-esmagar-a-cabeca-de-vitima-em-ipaba","status":"publish","type":"post","link":"https:\/\/aconteceunovale.com.br\/portal\/?p=31182","title":{"rendered":"Motorista foge sem prestar socorro ap\u00f3s esmagar a cabe\u00e7a de v\u00edtima em Ipaba"},"content":{"rendered":"<p>Uma mulher morreu e um homem ficou ferido no come\u00e7o da tarde desta quinta-feira (5), em um acidente no quil\u00f4metro 131 da BR-458, em Ipaba\/MG. As v\u00edtimas estavam em uma moto e, segundo a Pol\u00edcia Militar (PM), teriam sido atropeladas por um caminh\u00e3o. <\/p>\n<p>Mirele de Souza, de 28 anos, teve esmagamento de cr\u00e2nio e morreu na hora. O condutor da moto, Jos\u00e9 Maria dos Santos, de 53 anos, sofreu escoria\u00e7\u00f5es generalizadas pelo corpo e foi encaminhado \u00e0 Unidade de Pronto Atendimento (UPA) de Ipatinga.<\/p>\n<p>A pol\u00edcia ainda n\u00e3o sabe as causas do acidente, mas uma das hip\u00f3teses \u00e9 de que o condutor da moto tenha perdido o controle do ve\u00edculo ao passar por uma fenda. Segundo a PM, um caminh\u00e3o vinha logo atr\u00e1s e teria atropelado as v\u00edtimas.<\/p>\n<p>Outra possibilidade levantada pela pol\u00edcia \u00e9 de que o caminh\u00e3o tenha esbarrado na moto, fazendo o condutor perder o equil\u00edbrio. O motorista do caminh\u00e3o seguiu viagem sem prestar socorro \u00e0s v\u00edtimas.<\/p>\n<p>A assessoria da UPA informou que o homem, que estava na motocicleta, deu entrada na unidade com fraturas na clav\u00edcula. O estado de sa\u00fade dele \u00e9 est\u00e1vel.<\/p>\n<p><img decoding=\"async\" src=\"http:\/\/aconteceunovale.com.br\/portal\/wp-content\/uploads\/2014\/06\/acidente_ipaba_06_05.jpg\" alt=\"\" \/><\/p>\n<p><em><strong>(Foto: Jota Passos \/ Informa\u00e7\u00f5es: Inter TV)<\/strong><\/em><\/p>\n","protected":false},"excerpt":{"rendered":"<p>Uma mulher morreu e um homem ficou ferido no come\u00e7o da tarde desta quinta-feira (5), em um acidente no quil\u00f4metro 131 da BR-458, em Ipaba\/MG. As v\u00edtimas estavam em uma moto e, segundo a Pol\u00edcia Militar (PM), teriam sido atropeladas por um caminh\u00e3o. Mirele de Souza, de 28 anos, teve esmagamento de cr\u00e2nio e morreu [&hellip;]<\/p>\n","protected":false},"author":1,"featured_media":31183,"comment_status":"open","ping_status":"closed","sticky":false,"template":"","format":"standard","meta":{"amp_status":"","footnotes":""},"categories":[121],"tags":[1018,2234,8558],"class_list":["post-31182","post","type-post","status-publish","format-standard","has-post-thumbnail","hentry","category-leste","tag-destaque","tag-ipaba","tag-motorista-foge-sem-prestar-socorro-apos-esmagar-a-cabeca-de-vitima-em-ipaba"],"_links":{"self":[{"href":"https:\/\/aconteceunovale.com.br\/portal\/index.php?rest_route=\/wp\/v2\/posts\/31182","targetHints":{"allow":["GET"]}}],"collection":[{"href":"https:\/\/aconteceunovale.com.br\/portal\/index.php?rest_route=\/wp\/v2\/posts"}],"about":[{"href":"https:\/\/aconteceunovale.com.br\/portal\/index.php?rest_route=\/wp\/v2\/types\/post"}],"author":[{"embeddable":true,"href":"https:\/\/aconteceunovale.com.br\/portal\/index.php?rest_route=\/wp\/v2\/users\/1"}],"replies":[{"embeddable":true,"href":"https:\/\/aconteceunovale.com.br\/portal\/index.php?rest_route=%2Fwp%2Fv2%2Fcomments&post=31182"}],"version-history":[{"count":0,"href":"https:\/\/aconteceunovale.com.br\/portal\/index.php?rest_route=\/wp\/v2\/posts\/31182\/revisions"}],"wp:featuredmedia":[{"embeddable":true,"href":"https:\/\/aconteceunovale.com.br\/portal\/index.php?rest_route=\/wp\/v2\/media\/31183"}],"wp:attachment":[{"href":"https:\/\/aconteceunovale.com.br\/portal\/index.php?rest_route=%2Fwp%2Fv2%2Fmedia&parent=31182"}],"wp:term":[{"taxonomy":"category","embeddable":true,"href":"https:\/\/aconteceunovale.com.br\/portal\/index.php?rest_route=%2Fwp%2Fv2%2Fcategories&post=31182"},{"taxonomy":"post_tag","embeddable":true,"href":"https:\/\/aconteceunovale.com.br\/portal\/index.php?rest_route=%2Fwp%2Fv2%2Ftags&post=31182"}],"curies":[{"name":"wp","href":"https:\/\/api.w.org\/{rel}","templated":true}]}}