{"id":30972,"date":"2014-06-03T21:21:09","date_gmt":"2014-06-04T00:21:09","guid":{"rendered":"http:\/\/aconteceunovale.com.br\/portal\/?p=30972"},"modified":"2014-06-03T21:21:09","modified_gmt":"2014-06-04T00:21:09","slug":"mineiros-realizam-atos-de-apoio-na-preservacao-do-sao-francisco-no-dia-nacional-de-defesa-do-velho-chico","status":"publish","type":"post","link":"https:\/\/aconteceunovale.com.br\/portal\/?p=30972","title":{"rendered":"Mineiros realizam atos de apoio na preserva\u00e7\u00e3o do S\u00e3o Francisco no Dia Nacional de Defesa do Velho Chico"},"content":{"rendered":"<p>Estudantes, pescadores e moradores de regi\u00f5es pr\u00f3ximas ao rio S\u00e3o Francisco participaram nesta ter\u00e7a-feira (3) de v\u00e1rias a\u00e7\u00f5es de conscientiza\u00e7\u00e3o relacionadas ao Dia Nacional de Defesa do Velho Chico, comemorado em 3 de junho. Os atos foram realizados em toda a extens\u00e3o do rio, que passa pelos estados de Minas Gerais, Bahia, Pernambuco, Alagoas e Sergipe.<\/p>\n<p><img decoding=\"async\" src=\"http:\/\/aconteceunovale.com.br\/portal\/wp-content\/uploads\/2014\/06\/barqueata_rio_sao_francisco_03_06.jpg\" alt=\"\" \/><em><strong>Durante barqueata, grupo recolheu res\u00edduos jogados no rio &#8211; Foto: Divulga\u00e7\u00e3o<\/strong><\/em><br \/>\n<\/br><\/p>\n<p>Em Minas, a campanha &#8220;Eu viro carranca para defender o Velho Chico&#8221;, idealizada pelo Comit\u00ea da Bacia Hidrogr\u00e1fica do Rio S\u00e3o Francisco (CBHSF), reuniu 200 pessoas em v\u00e1rias atividades como um cortejo de barcos, palestras e o lan\u00e7amento de um barco-escola ecol\u00f3gico, em Tr\u00eas Marias, na regi\u00e3o Central do Estado.<\/p>\n<p>Alunos de uma escola em S\u00e3o Gon\u00e7alo do Abaet\u00e9, no Noroeste do Estado, fizeram cartazes com os dizeres \u201cPreserve nossas \u00e1guas\u201d e \u201cO Velho Chico \u00e9 muito importante para n\u00f3s\u201d, para refor\u00e7ar a import\u00e2ncia da preserva\u00e7\u00e3o. No cortejo de barcos, que contou com a participa\u00e7\u00e3o de aproximadamente 18 embarca\u00e7\u00f5es, foi feita a limpeza do trecho que banha o lago de Tr\u00eas Marias e do local onde est\u00e1 a usina hidrel\u00e9trica que leva o mesmo nome.<\/p>\n<p>Durante a a\u00e7\u00e3o, a secret\u00e1ria da C\u00e2mara Consultiva Regional do Alto S\u00e3o Francisco da CBHSF, S\u00edlvia Freedman, afirmou que \u00e9 preciso mobilizar os atores do rio para que ele n\u00e3o acabe. Segundo ela, o abastecimento de \u00e1gua em alguns munic\u00edpios mineiros j\u00e1 est\u00e1 comprometido. A represa, al\u00e9m de Tr\u00eas Marias, abastece outros munic\u00edpios mineiros, como Pirapora e Manga, no Norte do Estado.<\/p>\n<p>No fim do m\u00eas passado, a Prefeitura de Pirapora conseguiu na Justi\u00e7a a manuten\u00e7\u00e3o da vaz\u00e3o m\u00ednima da represa por 60 dias, j\u00e1 que havia o risco de o volume de \u00e1gua n\u00e3o ser suficiente para abastecer a cidade.<\/p>\n<p>Em mar\u00e7o, a vaz\u00e3o da represa caiu de 500 mil metros c\u00fabicos por segundo para 350 mil m\u00b3\/s. No m\u00eas seguinte, houve nova redu\u00e7\u00e3o, para 250 mil m\u00b3\/s, e havia o temor de que em junho a vaz\u00e3o baixasse ainda mais, com 150 mil m\u00b3\/s.<\/p>\n<p><strong>(CBHSF \/ O Tempo)<\/strong><\/p>\n","protected":false},"excerpt":{"rendered":"<p>Estudantes, pescadores e moradores de regi\u00f5es pr\u00f3ximas ao rio S\u00e3o Francisco participaram nesta ter\u00e7a-feira (3) de v\u00e1rias a\u00e7\u00f5es de conscientiza\u00e7\u00e3o relacionadas ao Dia Nacional de Defesa do Velho Chico, comemorado em 3 de junho. Os atos foram realizados em toda a extens\u00e3o do rio, que passa pelos estados de Minas Gerais, Bahia, Pernambuco, Alagoas e [&hellip;]<\/p>\n","protected":false},"author":1,"featured_media":30973,"comment_status":"open","ping_status":"closed","sticky":false,"template":"","format":"standard","meta":{"amp_status":"","footnotes":""},"categories":[123],"tags":[8419,1018,8418,1356,8417,8421,254,6330,8420,1533],"class_list":["post-30972","post","type-post","status-publish","format-standard","has-post-thumbnail","hentry","category-gerais","tag-bacia-hidrografica-do-rio-sao-francisco","tag-destaque","tag-dia-nacional-de-defesa-do-velho-chico","tag-manga","tag-mineiros-realizam-ato-de-apoio-na-preservacao-do-sao-francisco-no-dia-nacional-de-defesa-do-velho-chico","tag-mineiros-realizam-atos-de-apoio-na-preservacao-do-sao-francisco-no-dia-nacional-de-defesa-do-velho-chico","tag-pirapora","tag-rio-sao-francisco","tag-sao-goncalo-do-abaete","tag-tres-marias"],"_links":{"self":[{"href":"https:\/\/aconteceunovale.com.br\/portal\/index.php?rest_route=\/wp\/v2\/posts\/30972","targetHints":{"allow":["GET"]}}],"collection":[{"href":"https:\/\/aconteceunovale.com.br\/portal\/index.php?rest_route=\/wp\/v2\/posts"}],"about":[{"href":"https:\/\/aconteceunovale.com.br\/portal\/index.php?rest_route=\/wp\/v2\/types\/post"}],"author":[{"embeddable":true,"href":"https:\/\/aconteceunovale.com.br\/portal\/index.php?rest_route=\/wp\/v2\/users\/1"}],"replies":[{"embeddable":true,"href":"https:\/\/aconteceunovale.com.br\/portal\/index.php?rest_route=%2Fwp%2Fv2%2Fcomments&post=30972"}],"version-history":[{"count":0,"href":"https:\/\/aconteceunovale.com.br\/portal\/index.php?rest_route=\/wp\/v2\/posts\/30972\/revisions"}],"wp:featuredmedia":[{"embeddable":true,"href":"https:\/\/aconteceunovale.com.br\/portal\/index.php?rest_route=\/wp\/v2\/media\/30973"}],"wp:attachment":[{"href":"https:\/\/aconteceunovale.com.br\/portal\/index.php?rest_route=%2Fwp%2Fv2%2Fmedia&parent=30972"}],"wp:term":[{"taxonomy":"category","embeddable":true,"href":"https:\/\/aconteceunovale.com.br\/portal\/index.php?rest_route=%2Fwp%2Fv2%2Fcategories&post=30972"},{"taxonomy":"post_tag","embeddable":true,"href":"https:\/\/aconteceunovale.com.br\/portal\/index.php?rest_route=%2Fwp%2Fv2%2Ftags&post=30972"}],"curies":[{"name":"wp","href":"https:\/\/api.w.org\/{rel}","templated":true}]}}