{"id":30967,"date":"2014-06-03T21:05:52","date_gmt":"2014-06-04T00:05:52","guid":{"rendered":"http:\/\/aconteceunovale.com.br\/portal\/?p=30967"},"modified":"2014-06-03T21:06:58","modified_gmt":"2014-06-04T00:06:58","slug":"festa-do-divino-espirito-santo-2014-de-leme-do-prado","status":"publish","type":"post","link":"https:\/\/aconteceunovale.com.br\/portal\/?p=30967","title":{"rendered":"Leme do Prado realiza Festa do Divino Esp\u00edrito Santo de 27 de junho a 07 de julho de 2014"},"content":{"rendered":"<p><img decoding=\"async\" src=\"http:\/\/aconteceunovale.com.br\/portal\/wp-content\/uploads\/2014\/06\/festa_do_divino_leme_do_prado_2.jpg\" alt=\"\" \/><br \/>\n<\/br><\/p>\n<p><strong>PROGRAMA\u00c7\u00c3O:<\/strong><\/p>\n<p>De 27 de Junho a 05 de Julho: Celebra\u00e7\u00e3o da Santa Missa com anima\u00e7\u00e3o das comunidades vizinhas e leil\u00e3o ap\u00f3s a missa.<\/p>\n<p>03\/07: Missa, Leil\u00f5es e logo ap\u00f3s Show Cat\u00f3lico com a Banda Alis<\/p>\n<p>04\/07: Missa, Leil\u00f5es e logo ap\u00f3s Show com a Dupla Roni e Ricardo<\/p>\n<p>05\/07: Celebra\u00e7\u00e3o da Santa Missa, show pirot\u00e9cnico, leil\u00f5es e logo ap\u00f3s Show com a Banda Imagem<\/p>\n<p>06\/07- Alvorada, cortejo, missa, prociss\u00e3o, destribui\u00e7\u00e3o do tradicional doce na pra\u00e7a, leil\u00e3o de gado e logo ap\u00f3s Show com a Banda Ta Fervendo e em seguida Banda Distintos Filhos<\/p>\n<p>07\/07: Show com a Banda Ax\u00e9Bakana logo ap\u00f3s Show com Morenos do Forr\u00f3 e em seguida Show com Gabriel Lener.<\/p>\n<p>Venha e traga sua fam\u00edla para prestigiar essa tradicional festa com a gente.<\/p>\n","protected":false},"excerpt":{"rendered":"<p>PROGRAMA\u00c7\u00c3O: De 27 de Junho a 05 de Julho: Celebra\u00e7\u00e3o da Santa Missa com anima\u00e7\u00e3o das comunidades vizinhas e leil\u00e3o ap\u00f3s a missa. 03\/07: Missa, Leil\u00f5es e logo ap\u00f3s Show Cat\u00f3lico com a Banda Alis 04\/07: Missa, Leil\u00f5es e logo ap\u00f3s Show com a Dupla Roni e Ricardo 05\/07: Celebra\u00e7\u00e3o da Santa Missa, show pirot\u00e9cnico, [&hellip;]<\/p>\n","protected":false},"author":1,"featured_media":30968,"comment_status":"open","ping_status":"closed","sticky":false,"template":"","format":"standard","meta":{"amp_status":"","footnotes":""},"categories":[125],"tags":[8415,8414,480,8416],"class_list":["post-30967","post","type-post","status-publish","format-standard","has-post-thumbnail","hentry","category-noticias","tag-festa-do-divino-de-leme-do-prado","tag-festa-do-divino-espirito-santo-2014-de-leme-do-prado","tag-leme-do-prado","tag-leme-do-prado-realiza-festa-do-divino-espirito-santo-de-27-de-junho-a-07-de-julho-de-2014"],"_links":{"self":[{"href":"https:\/\/aconteceunovale.com.br\/portal\/index.php?rest_route=\/wp\/v2\/posts\/30967","targetHints":{"allow":["GET"]}}],"collection":[{"href":"https:\/\/aconteceunovale.com.br\/portal\/index.php?rest_route=\/wp\/v2\/posts"}],"about":[{"href":"https:\/\/aconteceunovale.com.br\/portal\/index.php?rest_route=\/wp\/v2\/types\/post"}],"author":[{"embeddable":true,"href":"https:\/\/aconteceunovale.com.br\/portal\/index.php?rest_route=\/wp\/v2\/users\/1"}],"replies":[{"embeddable":true,"href":"https:\/\/aconteceunovale.com.br\/portal\/index.php?rest_route=%2Fwp%2Fv2%2Fcomments&post=30967"}],"version-history":[{"count":0,"href":"https:\/\/aconteceunovale.com.br\/portal\/index.php?rest_route=\/wp\/v2\/posts\/30967\/revisions"}],"wp:featuredmedia":[{"embeddable":true,"href":"https:\/\/aconteceunovale.com.br\/portal\/index.php?rest_route=\/wp\/v2\/media\/30968"}],"wp:attachment":[{"href":"https:\/\/aconteceunovale.com.br\/portal\/index.php?rest_route=%2Fwp%2Fv2%2Fmedia&parent=30967"}],"wp:term":[{"taxonomy":"category","embeddable":true,"href":"https:\/\/aconteceunovale.com.br\/portal\/index.php?rest_route=%2Fwp%2Fv2%2Fcategories&post=30967"},{"taxonomy":"post_tag","embeddable":true,"href":"https:\/\/aconteceunovale.com.br\/portal\/index.php?rest_route=%2Fwp%2Fv2%2Ftags&post=30967"}],"curies":[{"name":"wp","href":"https:\/\/api.w.org\/{rel}","templated":true}]}}