{"id":30964,"date":"2014-06-03T20:56:37","date_gmt":"2014-06-03T23:56:37","guid":{"rendered":"http:\/\/aconteceunovale.com.br\/portal\/?p=30964"},"modified":"2014-06-03T20:56:37","modified_gmt":"2014-06-03T23:56:37","slug":"44o-batalhao-comemora-7-anos-de-instalacao-em-almenara","status":"publish","type":"post","link":"https:\/\/aconteceunovale.com.br\/portal\/?p=30964","title":{"rendered":"44\u00ba Batalh\u00e3o comemora 7 anos de instala\u00e7\u00e3o em Almenara"},"content":{"rendered":"<p>Nesta primeira quinzena de Junho, o 44\u00ba Batalh\u00e3o comemora seu 7\u00ba ano de instala\u00e7\u00e3o e 239 anos da Pol\u00edcia Militar de Minas Gerais. A abertura das comemora\u00e7\u00f5es aconteceu na noite de sexta-feira, 30 de maio, no campo da Copasa em Almenara\/MG, no Vale do Jequitinhonha.<\/p>\n<p><img decoding=\"async\" src=\"http:\/\/aconteceunovale.com.br\/portal\/wp-content\/uploads\/2014\/06\/comemoracao_batalhao_almenara.jpg\" alt=\"\" \/><em>(Foto: Divulga\u00e7\u00e3o Pol\u00edcia Militar)<\/em><br \/>\n<\/br><\/p>\n<p>Durante as comemora\u00e7\u00f5es os policiais militares participar\u00e3o de uma s\u00e9rie de competi\u00e7\u00f5es que envolvem for\u00e7a f\u00edsica, trabalho em equipe e t\u00e9cnicas policiais. Entre as competi\u00e7\u00f5es destaca-se: Torneio de Abordagem, Torneio de Tiro Policial, Trekking Militar, Corrida R\u00fastica, Torneio de Futebol, Torneio de Peteca. <\/p>\n<p>Os militares ainda participar\u00e3o de um culto, Homenagens aos policiais militares reformados e ao final ser\u00e1 realizada uma solenidade de encerramento das atividades com premia\u00e7\u00e3o dos vencedores. <\/p>\n<p>O evento de encerramento acontecer\u00e1 noite de ter\u00e7a-feira, 10 de junho, \u00e0s 19h, na C\u00e2mara Municipal de Almenara. O Tenente Coronel Romildo Scheffer, Comandante do 44\u00ba BPM, convida a todos para participar do evento.<\/p>\n","protected":false},"excerpt":{"rendered":"<p>Nesta primeira quinzena de Junho, o 44\u00ba Batalh\u00e3o comemora seu 7\u00ba ano de instala\u00e7\u00e3o e 239 anos da Pol\u00edcia Militar de Minas Gerais. A abertura das comemora\u00e7\u00f5es aconteceu na noite de sexta-feira, 30 de maio, no campo da Copasa em Almenara\/MG, no Vale do Jequitinhonha. (Foto: Divulga\u00e7\u00e3o Pol\u00edcia Militar) Durante as comemora\u00e7\u00f5es os policiais militares [&hellip;]<\/p>\n","protected":false},"author":1,"featured_media":30965,"comment_status":"open","ping_status":"closed","sticky":false,"template":"","format":"standard","meta":{"amp_status":"","footnotes":""},"categories":[120],"tags":[8413,142,1018],"class_list":["post-30964","post","type-post","status-publish","format-standard","has-post-thumbnail","hentry","category-jequi","tag-44o-batalhao-comemora-7-anos-de-instalacao-em-almenara","tag-almenara","tag-destaque"],"_links":{"self":[{"href":"https:\/\/aconteceunovale.com.br\/portal\/index.php?rest_route=\/wp\/v2\/posts\/30964","targetHints":{"allow":["GET"]}}],"collection":[{"href":"https:\/\/aconteceunovale.com.br\/portal\/index.php?rest_route=\/wp\/v2\/posts"}],"about":[{"href":"https:\/\/aconteceunovale.com.br\/portal\/index.php?rest_route=\/wp\/v2\/types\/post"}],"author":[{"embeddable":true,"href":"https:\/\/aconteceunovale.com.br\/portal\/index.php?rest_route=\/wp\/v2\/users\/1"}],"replies":[{"embeddable":true,"href":"https:\/\/aconteceunovale.com.br\/portal\/index.php?rest_route=%2Fwp%2Fv2%2Fcomments&post=30964"}],"version-history":[{"count":0,"href":"https:\/\/aconteceunovale.com.br\/portal\/index.php?rest_route=\/wp\/v2\/posts\/30964\/revisions"}],"wp:featuredmedia":[{"embeddable":true,"href":"https:\/\/aconteceunovale.com.br\/portal\/index.php?rest_route=\/wp\/v2\/media\/30965"}],"wp:attachment":[{"href":"https:\/\/aconteceunovale.com.br\/portal\/index.php?rest_route=%2Fwp%2Fv2%2Fmedia&parent=30964"}],"wp:term":[{"taxonomy":"category","embeddable":true,"href":"https:\/\/aconteceunovale.com.br\/portal\/index.php?rest_route=%2Fwp%2Fv2%2Fcategories&post=30964"},{"taxonomy":"post_tag","embeddable":true,"href":"https:\/\/aconteceunovale.com.br\/portal\/index.php?rest_route=%2Fwp%2Fv2%2Ftags&post=30964"}],"curies":[{"name":"wp","href":"https:\/\/api.w.org\/{rel}","templated":true}]}}