{"id":30959,"date":"2014-06-03T20:30:23","date_gmt":"2014-06-03T23:30:23","guid":{"rendered":"http:\/\/aconteceunovale.com.br\/portal\/?p=30959"},"modified":"2014-06-03T20:30:23","modified_gmt":"2014-06-03T23:30:23","slug":"manifestantes-cobram-pavimentacao-da-mg-314-no-leste-de-minas-gerais","status":"publish","type":"post","link":"https:\/\/aconteceunovale.com.br\/portal\/?p=30959","title":{"rendered":"Manifestantes cobram pavimenta\u00e7\u00e3o da MG-314 no Leste de Minas Gerais"},"content":{"rendered":"<h4><strong>Eles cobram a pavimenta\u00e7\u00e3o do trecho de cerca de 37 km entre as cidades. Processo de licita\u00e7\u00e3o para o cal\u00e7amento da rodovia foi cancelado neste ano.<\/strong><\/h4>\n<p>Um protesto interrompeu totalmente a passagem de ve\u00edculos na rodovia MG-314 que liga os munic\u00edpios de Coroaci e Pe\u00e7anha, no Vale do Rio Doce, no fim da manh\u00e3 desta ter\u00e7a-feira (3). Os manifestantes reivindicavam a pavimenta\u00e7\u00e3o do trecho de cerca de 37 quil\u00f4metros entre as duas cidades.<\/p>\n<p>A rodovia \u00e9 utilizada por usu\u00e1rios de 10 cidades. Segundo eles, em \u00e9poca de chuva a estrada fica muito prejudicada e para fazer o desvio \u00e9 preciso dar uma volta que aumenta a viagem em 90 quil\u00f4metros. Ainda de acordo com os manifestantes, em janeiro deste ano foi aberto um processo de licita\u00e7\u00e3o para o cal\u00e7amento da rodovia, mas ele foi cancelado.<\/p>\n<p>Os manifestantes utilizaram bambus para interditar a rodovia nos dois sentidos. Al\u00e9m do bloqueio da pista, os manifestantes fizeram tamb\u00e9m um abaixo-assinado.<\/p>\n<p>A pista foi liberada por volta do meio dia. \u201cFoi um manifesto pac\u00edfico, a \u00fanica maneira de chamar a aten\u00e7\u00e3o para este nosso problema. Agora vamos aguardar um posicionamento do governo do Estado. Se nada acontecer voltaremos a manifestar a nossa indigna\u00e7\u00e3o\u201d, afirma Reginaldo dos Santos Pereira, l\u00edder do movimento.<\/p>\n<p><img decoding=\"async\" src=\"http:\/\/aconteceunovale.com.br\/portal\/wp-content\/uploads\/2014\/06\/protesto_pecanha_03_06_3.jpg\" alt=\"\" \/><\/p>\n<p><img decoding=\"async\" src=\"http:\/\/aconteceunovale.com.br\/portal\/wp-content\/uploads\/2014\/06\/protesto_pecanha_03_06_1.jpg\" alt=\"\" \/><\/p>\n<p><img decoding=\"async\" src=\"http:\/\/aconteceunovale.com.br\/portal\/wp-content\/uploads\/2014\/06\/protesto_pecanha_03_06_2.jpg\" alt=\"\" \/><\/p>\n<p><strong>(Fotos: Luisa Oliveira \/ Informa\u00e7\u00f5es: Inter TV dos Vales)<\/strong><\/p>\n","protected":false},"excerpt":{"rendered":"<p>Eles cobram a pavimenta\u00e7\u00e3o do trecho de cerca de 37 km entre as cidades. Processo de licita\u00e7\u00e3o para o cal\u00e7amento da rodovia foi cancelado neste ano. Um protesto interrompeu totalmente a passagem de ve\u00edculos na rodovia MG-314 que liga os munic\u00edpios de Coroaci e Pe\u00e7anha, no Vale do Rio Doce, no fim da manh\u00e3 desta [&hellip;]<\/p>\n","protected":false},"author":1,"featured_media":30962,"comment_status":"open","ping_status":"closed","sticky":false,"template":"","format":"standard","meta":{"amp_status":"","footnotes":""},"categories":[121],"tags":[283,1018,8412,306],"class_list":["post-30959","post","type-post","status-publish","format-standard","has-post-thumbnail","hentry","category-leste","tag-coroaci","tag-destaque","tag-manifestantes-cobram-pavimentacao-da-mg-314-no-leste-de-minas-gerais","tag-pecanha"],"_links":{"self":[{"href":"https:\/\/aconteceunovale.com.br\/portal\/index.php?rest_route=\/wp\/v2\/posts\/30959","targetHints":{"allow":["GET"]}}],"collection":[{"href":"https:\/\/aconteceunovale.com.br\/portal\/index.php?rest_route=\/wp\/v2\/posts"}],"about":[{"href":"https:\/\/aconteceunovale.com.br\/portal\/index.php?rest_route=\/wp\/v2\/types\/post"}],"author":[{"embeddable":true,"href":"https:\/\/aconteceunovale.com.br\/portal\/index.php?rest_route=\/wp\/v2\/users\/1"}],"replies":[{"embeddable":true,"href":"https:\/\/aconteceunovale.com.br\/portal\/index.php?rest_route=%2Fwp%2Fv2%2Fcomments&post=30959"}],"version-history":[{"count":0,"href":"https:\/\/aconteceunovale.com.br\/portal\/index.php?rest_route=\/wp\/v2\/posts\/30959\/revisions"}],"wp:featuredmedia":[{"embeddable":true,"href":"https:\/\/aconteceunovale.com.br\/portal\/index.php?rest_route=\/wp\/v2\/media\/30962"}],"wp:attachment":[{"href":"https:\/\/aconteceunovale.com.br\/portal\/index.php?rest_route=%2Fwp%2Fv2%2Fmedia&parent=30959"}],"wp:term":[{"taxonomy":"category","embeddable":true,"href":"https:\/\/aconteceunovale.com.br\/portal\/index.php?rest_route=%2Fwp%2Fv2%2Fcategories&post=30959"},{"taxonomy":"post_tag","embeddable":true,"href":"https:\/\/aconteceunovale.com.br\/portal\/index.php?rest_route=%2Fwp%2Fv2%2Ftags&post=30959"}],"curies":[{"name":"wp","href":"https:\/\/api.w.org\/{rel}","templated":true}]}}