{"id":30702,"date":"2014-06-01T10:48:33","date_gmt":"2014-06-01T13:48:33","guid":{"rendered":"http:\/\/aconteceunovale.com.br\/portal\/?p=30702"},"modified":"2014-06-01T18:18:00","modified_gmt":"2014-06-01T21:18:00","slug":"acidente-envolvendo-duas-caminhonetes-deixa-duas-vitimas-fatais-na-br-116","status":"publish","type":"post","link":"https:\/\/aconteceunovale.com.br\/portal\/?p=30702","title":{"rendered":"Acidente envolvendo duas caminhonetes deixa duas v\u00edtimas fatais na BR-116"},"content":{"rendered":"<p>Um grave acidente envolvendo duas caminhonetes deixou duas v\u00edtimas fatais e quatro feridas neste s\u00e1bado, 31 de maio, no Leste de Minas Gerais. De acordo com a Pol\u00edcia Rodovi\u00e1ria Federal, as duas caminhonetes bateram de frente na sa\u00edda e entrada de um posto de combust\u00edveis na BR-116.<\/p>\n<p>&#8220;No local do acidente averiguamos duas v\u00edtimas fatais, uma em cada ve\u00edculo. A colis\u00e3o foi entre duas caminhonetes. Uma deslocava de Valadares para Novo Cruzeiro passando por Te\u00f3filo Otoni e a outra estava indo de Te\u00f3filo Otoni para Governador Valadares.&#8221;, explicou o Sargento Ezequias Tavares do Corpo de Bombeiros.<\/p>\n<p>Os motoristas Jos\u00e9 Moreira do Nascimento, de 71 anos, e Joel Gomes de Freitas, de 62, morreram no local. Os quatros passageiros que estavam nos dois ve\u00edculos: Luiza Moreira da Silva, de 63, Carlos Alberto de Jesus Martins, de 52, Lucas Vin\u00edcius Vaz, de 19, e Jean Carlos de Souza da Silva, de 38, foram socorridos e encaminhados ao Hospital Nossa Senhora dos Anjos, em Itambacuri. Eles foram atendidos e liberados.<\/p>\n<p>&#8220;A causa do acidente ainda vai ser analisada pela PRF e pela per\u00edcia que esteve no local para dizer exatamente o que causou o acidente.&#8221;, disse o policial Deivison Amaral Figueiredo.<\/p>\n<p><img decoding=\"async\" src=\"http:\/\/aconteceunovale.com.br\/portal\/wp-content\/uploads\/2014\/06\/acidente_116_31_05_5.jpg\" alt=\"\" \/><br \/>\n<img decoding=\"async\" src=\"http:\/\/aconteceunovale.com.br\/portal\/wp-content\/uploads\/2014\/06\/acidente_116_31_05_1.jpg\" alt=\"\" \/><br \/>\n<img decoding=\"async\" src=\"http:\/\/aconteceunovale.com.br\/portal\/wp-content\/uploads\/2014\/06\/acidente_116_31_05_2.jpg\" alt=\"\" \/><br \/>\n<img decoding=\"async\" src=\"http:\/\/aconteceunovale.com.br\/portal\/wp-content\/uploads\/2014\/06\/acidente_116_31_05_3.jpg\" alt=\"\" \/><br \/>\n<img decoding=\"async\" src=\"http:\/\/aconteceunovale.com.br\/portal\/wp-content\/uploads\/2014\/06\/acidente_116_31_05_4.jpg\" alt=\"\" \/><\/p>\n<p><em><strong>(Fotos e informa\u00e7\u00f5es da Inter TV dos Vales)<\/strong><\/em><\/p>\n","protected":false},"excerpt":{"rendered":"<p>Um grave acidente envolvendo duas caminhonetes deixou duas v\u00edtimas fatais e quatro feridas neste s\u00e1bado, 31 de maio, no Leste de Minas Gerais. De acordo com a Pol\u00edcia Rodovi\u00e1ria Federal, as duas caminhonetes bateram de frente na sa\u00edda e entrada de um posto de combust\u00edveis na BR-116. &#8220;No local do acidente averiguamos duas v\u00edtimas fatais, [&hellip;]<\/p>\n","protected":false},"author":1,"featured_media":30707,"comment_status":"open","ping_status":"closed","sticky":false,"template":"","format":"standard","meta":{"amp_status":"","footnotes":""},"categories":[121],"tags":[8278,8277,8276,1018,247,188,8280,8279,175,164],"class_list":["post-30702","post","type-post","status-publish","format-standard","has-post-thumbnail","hentry","category-leste","tag-acidente-com-caminhonete-de-novo-cruzeiro","tag-acidente-com-caminhonete-de-teofilo-otoni","tag-acidente-envolvendo-duas-caminhonetes-deixa-duas-vitimas-fatais-na-br-116","tag-destaque","tag-governador-valadares","tag-itambacuri","tag-joel-gomes-de-freitas","tag-jose-moreira-do-nascimento","tag-novo-cruzeiro","tag-teofilo-otoni"],"_links":{"self":[{"href":"https:\/\/aconteceunovale.com.br\/portal\/index.php?rest_route=\/wp\/v2\/posts\/30702","targetHints":{"allow":["GET"]}}],"collection":[{"href":"https:\/\/aconteceunovale.com.br\/portal\/index.php?rest_route=\/wp\/v2\/posts"}],"about":[{"href":"https:\/\/aconteceunovale.com.br\/portal\/index.php?rest_route=\/wp\/v2\/types\/post"}],"author":[{"embeddable":true,"href":"https:\/\/aconteceunovale.com.br\/portal\/index.php?rest_route=\/wp\/v2\/users\/1"}],"replies":[{"embeddable":true,"href":"https:\/\/aconteceunovale.com.br\/portal\/index.php?rest_route=%2Fwp%2Fv2%2Fcomments&post=30702"}],"version-history":[{"count":0,"href":"https:\/\/aconteceunovale.com.br\/portal\/index.php?rest_route=\/wp\/v2\/posts\/30702\/revisions"}],"wp:featuredmedia":[{"embeddable":true,"href":"https:\/\/aconteceunovale.com.br\/portal\/index.php?rest_route=\/wp\/v2\/media\/30707"}],"wp:attachment":[{"href":"https:\/\/aconteceunovale.com.br\/portal\/index.php?rest_route=%2Fwp%2Fv2%2Fmedia&parent=30702"}],"wp:term":[{"taxonomy":"category","embeddable":true,"href":"https:\/\/aconteceunovale.com.br\/portal\/index.php?rest_route=%2Fwp%2Fv2%2Fcategories&post=30702"},{"taxonomy":"post_tag","embeddable":true,"href":"https:\/\/aconteceunovale.com.br\/portal\/index.php?rest_route=%2Fwp%2Fv2%2Ftags&post=30702"}],"curies":[{"name":"wp","href":"https:\/\/api.w.org\/{rel}","templated":true}]}}