{"id":30648,"date":"2014-05-30T22:55:41","date_gmt":"2014-05-31T01:55:41","guid":{"rendered":"http:\/\/aconteceunovale.com.br\/portal\/?p=30648"},"modified":"2014-05-30T22:55:41","modified_gmt":"2014-05-31T01:55:41","slug":"obras-de-pavimentacao-asfaltica-sao-iniciadas-em-sabinopolis","status":"publish","type":"post","link":"https:\/\/aconteceunovale.com.br\/portal\/?p=30648","title":{"rendered":"Obras de pavimenta\u00e7\u00e3o asf\u00e1ltica s\u00e3o iniciadas em Sabin\u00f3polis"},"content":{"rendered":"<p>Foram iniciadas na quarta-feira, 28 de maio, as obras de pavimenta\u00e7\u00e3o asf\u00e1ltica em 1,6 quil\u00f4metros das ruas In\u00e1cio Barroso e Clarindo Campos, no per\u00edmetro urbano de Sabin\u00f3polis, no Leste de Minas Gerais. A pavimenta\u00e7\u00e3o das ruas de liga\u00e7\u00e3o entre o Bairro Monsenhor Amantino e o Centro da cidade era uma cobran\u00e7a antiga da popula\u00e7\u00e3o.<\/p>\n<p>Estas ruas t\u00eam um grande fluxo de ve\u00edculos. Devido \u00e0 aus\u00eancia de manuten\u00e7\u00e3o nos \u00faltimos anos, estavam em p\u00e9ssimas condi\u00e7\u00f5es de tr\u00e1fego. O trabalho de pavimenta\u00e7\u00e3o solucionar\u00e1 as dificuldades enfrentadas pelos moradores e motoristas que transitam pelo local diariamente.<\/p>\n<p>A previs\u00e3o \u00e9 que a obra seja conclu\u00edda em 15 dias e o valor do investimento \u00e9 de aproximadamente 400 mil reais. <\/p>\n<p><img decoding=\"async\" src=\"http:\/\/aconteceunovale.com.br\/portal\/wp-content\/uploads\/2014\/05\/pavimentacao_sabinopolis_30_05_1.jpg\" alt=\"\" \/><\/p>\n<p><img decoding=\"async\" src=\"http:\/\/aconteceunovale.com.br\/portal\/wp-content\/uploads\/2014\/05\/pavimentacao_sabinopolis_30_05_2.jpg\" alt=\"\" \/><\/p>\n<p><em>Veja o v\u00eddeo:<\/em><br \/>\n<iframe loading=\"lazy\" width=\"640\" height=\"360\" src=\"\/\/www.youtube.com\/embed\/ix7dry5svVc\" frameborder=\"0\" allowfullscreen><\/iframe><\/p>\n","protected":false},"excerpt":{"rendered":"<p>Foram iniciadas na quarta-feira, 28 de maio, as obras de pavimenta\u00e7\u00e3o asf\u00e1ltica em 1,6 quil\u00f4metros das ruas In\u00e1cio Barroso e Clarindo Campos, no per\u00edmetro urbano de Sabin\u00f3polis, no Leste de Minas Gerais. A pavimenta\u00e7\u00e3o das ruas de liga\u00e7\u00e3o entre o Bairro Monsenhor Amantino e o Centro da cidade era uma cobran\u00e7a antiga da popula\u00e7\u00e3o. Estas [&hellip;]<\/p>\n","protected":false},"author":1,"featured_media":30650,"comment_status":"open","ping_status":"closed","sticky":false,"template":"","format":"standard","meta":{"amp_status":"","footnotes":""},"categories":[121],"tags":[8269,310],"class_list":["post-30648","post","type-post","status-publish","format-standard","has-post-thumbnail","hentry","category-leste","tag-obras-de-pavimentacao-asfaltica-sao-iniciadas-em-sabinopolis","tag-sabinopolis"],"_links":{"self":[{"href":"https:\/\/aconteceunovale.com.br\/portal\/index.php?rest_route=\/wp\/v2\/posts\/30648","targetHints":{"allow":["GET"]}}],"collection":[{"href":"https:\/\/aconteceunovale.com.br\/portal\/index.php?rest_route=\/wp\/v2\/posts"}],"about":[{"href":"https:\/\/aconteceunovale.com.br\/portal\/index.php?rest_route=\/wp\/v2\/types\/post"}],"author":[{"embeddable":true,"href":"https:\/\/aconteceunovale.com.br\/portal\/index.php?rest_route=\/wp\/v2\/users\/1"}],"replies":[{"embeddable":true,"href":"https:\/\/aconteceunovale.com.br\/portal\/index.php?rest_route=%2Fwp%2Fv2%2Fcomments&post=30648"}],"version-history":[{"count":0,"href":"https:\/\/aconteceunovale.com.br\/portal\/index.php?rest_route=\/wp\/v2\/posts\/30648\/revisions"}],"wp:featuredmedia":[{"embeddable":true,"href":"https:\/\/aconteceunovale.com.br\/portal\/index.php?rest_route=\/wp\/v2\/media\/30650"}],"wp:attachment":[{"href":"https:\/\/aconteceunovale.com.br\/portal\/index.php?rest_route=%2Fwp%2Fv2%2Fmedia&parent=30648"}],"wp:term":[{"taxonomy":"category","embeddable":true,"href":"https:\/\/aconteceunovale.com.br\/portal\/index.php?rest_route=%2Fwp%2Fv2%2Fcategories&post=30648"},{"taxonomy":"post_tag","embeddable":true,"href":"https:\/\/aconteceunovale.com.br\/portal\/index.php?rest_route=%2Fwp%2Fv2%2Ftags&post=30648"}],"curies":[{"name":"wp","href":"https:\/\/api.w.org\/{rel}","templated":true}]}}