{"id":30640,"date":"2014-05-30T22:05:27","date_gmt":"2014-05-31T01:05:27","guid":{"rendered":"http:\/\/aconteceunovale.com.br\/portal\/?p=30640"},"modified":"2014-05-30T22:05:27","modified_gmt":"2014-05-31T01:05:27","slug":"manifestantes-liberam-rodovia-apos-12-horas-de-protesto-em-barao-de-cocais","status":"publish","type":"post","link":"https:\/\/aconteceunovale.com.br\/portal\/?p=30640","title":{"rendered":"Manifestantes liberam rodovia ap\u00f3s 12 horas de protesto em Bar\u00e3o de Cocais"},"content":{"rendered":"<h4><strong>Fechamento da rodovia ocorreu depois que a prefeitura anunciou ter obtido liminar de reintegra\u00e7\u00e3o de posse<\/strong><\/h4>\n<p>Durou mais de 12 horas o protesto realizado nesta sexta-feira, 30 de maio, por moradores do bairro Garcia, em bar\u00e3o de Cocais. Os manifestantes fecharam a MG-436, que liga a cidade a Santa B\u00e1rbara e Catas Altas \u00e0 BR-381. <\/p>\n<p>A MG-436 foi bloqueada depois que o prefeito Armando Verdolin (PSDB) obteve liminar para a reintegra\u00e7\u00e3o de posse dos terrenos invadidos pelos moradores na \u00e9poca da campanha eleitoral, em 2012, sob a promessa de que ficariam com o terreno. A estrada foi fechada por volta das 5h30 da manh\u00e3, no trevo que d\u00e1 acesso \u00e0 Esta\u00e7\u00e3o Ferrovi\u00e1ria da mineradora Vale, e o congestionamento chegou a 10 quil\u00f4metros. <\/p>\n<p>Somente carros transportando crian\u00e7as e idosos e ambul\u00e2ncias tinham passagem permitida. A rodovia foi liberada por volta das 17h, mas os manifestantes avisaram que ir\u00e3o realizar novos protestos ao longo da pr\u00f3xima semana.<\/p>\n<p><img decoding=\"async\" src=\"http:\/\/aconteceunovale.com.br\/portal\/wp-content\/uploads\/2014\/05\/manifestantes_liberam_barao_cocais.jpg\" alt=\"\" \/><em>(Foto: Reprodu\u00e7\u00e3o \/ Di\u00e1rio de Bar\u00e3o)<\/em><\/p>\n","protected":false},"excerpt":{"rendered":"<p>Fechamento da rodovia ocorreu depois que a prefeitura anunciou ter obtido liminar de reintegra\u00e7\u00e3o de posse Durou mais de 12 horas o protesto realizado nesta sexta-feira, 30 de maio, por moradores do bairro Garcia, em bar\u00e3o de Cocais. Os manifestantes fecharam a MG-436, que liga a cidade a Santa B\u00e1rbara e Catas Altas \u00e0 BR-381. [&hellip;]<\/p>\n","protected":false},"author":1,"featured_media":30641,"comment_status":"open","ping_status":"closed","sticky":false,"template":"","format":"standard","meta":{"amp_status":"","footnotes":""},"categories":[123],"tags":[1525,6462,1018,8266],"class_list":["post-30640","post","type-post","status-publish","format-standard","has-post-thumbnail","hentry","category-gerais","tag-barao-de-cocais","tag-catas-altas","tag-destaque","tag-manifestantes-liberam-rodovia-apos-12-horas-de-protesto-em-barao-de-cocais"],"_links":{"self":[{"href":"https:\/\/aconteceunovale.com.br\/portal\/index.php?rest_route=\/wp\/v2\/posts\/30640","targetHints":{"allow":["GET"]}}],"collection":[{"href":"https:\/\/aconteceunovale.com.br\/portal\/index.php?rest_route=\/wp\/v2\/posts"}],"about":[{"href":"https:\/\/aconteceunovale.com.br\/portal\/index.php?rest_route=\/wp\/v2\/types\/post"}],"author":[{"embeddable":true,"href":"https:\/\/aconteceunovale.com.br\/portal\/index.php?rest_route=\/wp\/v2\/users\/1"}],"replies":[{"embeddable":true,"href":"https:\/\/aconteceunovale.com.br\/portal\/index.php?rest_route=%2Fwp%2Fv2%2Fcomments&post=30640"}],"version-history":[{"count":0,"href":"https:\/\/aconteceunovale.com.br\/portal\/index.php?rest_route=\/wp\/v2\/posts\/30640\/revisions"}],"wp:featuredmedia":[{"embeddable":true,"href":"https:\/\/aconteceunovale.com.br\/portal\/index.php?rest_route=\/wp\/v2\/media\/30641"}],"wp:attachment":[{"href":"https:\/\/aconteceunovale.com.br\/portal\/index.php?rest_route=%2Fwp%2Fv2%2Fmedia&parent=30640"}],"wp:term":[{"taxonomy":"category","embeddable":true,"href":"https:\/\/aconteceunovale.com.br\/portal\/index.php?rest_route=%2Fwp%2Fv2%2Fcategories&post=30640"},{"taxonomy":"post_tag","embeddable":true,"href":"https:\/\/aconteceunovale.com.br\/portal\/index.php?rest_route=%2Fwp%2Fv2%2Ftags&post=30640"}],"curies":[{"name":"wp","href":"https:\/\/api.w.org\/{rel}","templated":true}]}}