{"id":30630,"date":"2014-05-30T21:22:14","date_gmt":"2014-05-31T00:22:14","guid":{"rendered":"http:\/\/aconteceunovale.com.br\/portal\/?p=30630"},"modified":"2014-05-30T21:22:14","modified_gmt":"2014-05-31T00:22:14","slug":"acidente-envolvendo-tres-veiculos-deixa-um-homem-ferido-no-norte-de-minas","status":"publish","type":"post","link":"https:\/\/aconteceunovale.com.br\/portal\/?p=30630","title":{"rendered":"Acidente envolvendo tr\u00eas ve\u00edculos deixa um homem ferido no Norte de Minas"},"content":{"rendered":"<h4><strong>Batida foi no trevo do Anel Rodovi\u00e1rio Sul de Montes Claros. Carreta que provocou a batida vinha em alta velocidade, diz testemunhas.<\/strong><\/h4>\n<p>Um homem ficou ferido em um acidente na tarde desta sexta-feira (30) na BR-135, em Montes Claros, Norte de Minas Gerais.  A batida no trevo do Anel Rodovi\u00e1rio Sul envolveu tr\u00eas ve\u00edculos. O motorista de uma carreta ficou preso \u00e0s ferragens.<\/p>\n<p>Segundo testemunhas, a carreta com placas de S\u00e3o Paulo desceu a serra em dire\u00e7\u00e3o a Montes Claros em velocidade acima do permitido na rodovia. O condutor n\u00e3o conseguiu parar o ve\u00edculo e atingiu levemente um carro de passeio e, com maior intensidade, um caminh\u00e3o com placas de Planaltina\/GO que convergia no trevo.<\/p>\n<p>Mesmo preso \u00e0s ferragens, o motorista Nivaldo Rodrigues, 36 anos, teve apenas ferimentos leves e foi socorrido por equipes do Corpo de Bombeiros Samu e  encaminhado para atendimento m\u00e9dico na Santa Casa de Montes Claros.<\/p>\n<p>Os ocupantes dos outros ve\u00edculos n\u00e3o ficaram feridos.<\/p>\n<p><img decoding=\"async\" src=\"http:\/\/aconteceunovale.com.br\/portal\/wp-content\/uploads\/2014\/05\/acidente_moc_30_05.jpg\" alt=\"\" \/><em>Carro de passeio (\u00e0 direita) tamb\u00e9m foi atingido na batida. (Foto: Nat\u00e1lia Jael \/ Inter TV)<\/em><\/p>\n","protected":false},"excerpt":{"rendered":"<p>Batida foi no trevo do Anel Rodovi\u00e1rio Sul de Montes Claros. Carreta que provocou a batida vinha em alta velocidade, diz testemunhas. Um homem ficou ferido em um acidente na tarde desta sexta-feira (30) na BR-135, em Montes Claros, Norte de Minas Gerais. A batida no trevo do Anel Rodovi\u00e1rio Sul envolveu tr\u00eas ve\u00edculos. O [&hellip;]<\/p>\n","protected":false},"author":1,"featured_media":30632,"comment_status":"open","ping_status":"closed","sticky":false,"template":"","format":"standard","meta":{"amp_status":"","footnotes":""},"categories":[1236],"tags":[8261,8260,1018,210,8262],"class_list":["post-30630","post","type-post","status-publish","format-standard","has-post-thumbnail","hentry","category-norte_de_minas","tag-acidente-envolvendo-tres-veiculos-deixa-um-homem-ferido-na-br-135","tag-acidente-envolvendo-tres-veiculos-deixa-um-homem-ferido-no-norte-de-minas","tag-destaque","tag-montes-claros","tag-planaltina"],"_links":{"self":[{"href":"https:\/\/aconteceunovale.com.br\/portal\/index.php?rest_route=\/wp\/v2\/posts\/30630","targetHints":{"allow":["GET"]}}],"collection":[{"href":"https:\/\/aconteceunovale.com.br\/portal\/index.php?rest_route=\/wp\/v2\/posts"}],"about":[{"href":"https:\/\/aconteceunovale.com.br\/portal\/index.php?rest_route=\/wp\/v2\/types\/post"}],"author":[{"embeddable":true,"href":"https:\/\/aconteceunovale.com.br\/portal\/index.php?rest_route=\/wp\/v2\/users\/1"}],"replies":[{"embeddable":true,"href":"https:\/\/aconteceunovale.com.br\/portal\/index.php?rest_route=%2Fwp%2Fv2%2Fcomments&post=30630"}],"version-history":[{"count":0,"href":"https:\/\/aconteceunovale.com.br\/portal\/index.php?rest_route=\/wp\/v2\/posts\/30630\/revisions"}],"wp:featuredmedia":[{"embeddable":true,"href":"https:\/\/aconteceunovale.com.br\/portal\/index.php?rest_route=\/wp\/v2\/media\/30632"}],"wp:attachment":[{"href":"https:\/\/aconteceunovale.com.br\/portal\/index.php?rest_route=%2Fwp%2Fv2%2Fmedia&parent=30630"}],"wp:term":[{"taxonomy":"category","embeddable":true,"href":"https:\/\/aconteceunovale.com.br\/portal\/index.php?rest_route=%2Fwp%2Fv2%2Fcategories&post=30630"},{"taxonomy":"post_tag","embeddable":true,"href":"https:\/\/aconteceunovale.com.br\/portal\/index.php?rest_route=%2Fwp%2Fv2%2Ftags&post=30630"}],"curies":[{"name":"wp","href":"https:\/\/api.w.org\/{rel}","templated":true}]}}