{"id":30624,"date":"2014-05-30T17:28:24","date_gmt":"2014-05-30T20:28:24","guid":{"rendered":"http:\/\/aconteceunovale.com.br\/portal\/?p=30624"},"modified":"2014-05-30T17:28:24","modified_gmt":"2014-05-30T20:28:24","slug":"grao-mogol-encerra-festas-do-156-aniversario-com-show-de-daniel","status":"publish","type":"post","link":"https:\/\/aconteceunovale.com.br\/portal\/?p=30624","title":{"rendered":"Gr\u00e3o Mogol encerra festas do 156\u00b0 anivers\u00e1rio com show de Daniel"},"content":{"rendered":"<h4><strong>Evento ser\u00e1 realizado na Pra\u00e7a Beira Rio. Munic\u00edpio \u00e9 rico em belezas naturais como cachoeiras, s\u00edtios arqueol\u00f3gicos.<\/strong><\/h4>\n<p>Gr\u00e3o Mogol a cidade conhecida como &#8220;diamante do sert\u00e3o mineiro&#8221;, a 151 km de Monte Claros, comemora no m\u00eas de maio seu 156\u00b0 anivers\u00e1rio. Para comemorar a data v\u00e1rias atra\u00e7\u00f5es est\u00e3o programadas para \u00faltimo fim de semana de festa. Em dos maiores  shows do Brasil, o cantor sertanejo Daniel se apresenta neste s\u00e1bado em pra\u00e7a p\u00fablica.<\/p>\n<p><img decoding=\"async\" src=\"http:\/\/aconteceunovale.com.br\/portal\/wp-content\/uploads\/2014\/05\/festa_grao_mogol_14_1.jpg\" alt=\"\" \/><em>Igreja Matriz de Santo Ant\u00f4nio \u00e9 um dos pontos tur\u00edsticos da cidade (Foto: Thiago Fran\u00e7a\/G1)<\/em><br \/>\n<\/br><\/p>\n<p>O munic\u00edpio que \u00e9 rico em belezas naturais como cachoeiras, s\u00edtios arqueol\u00f3gicos, pinturas rupestres e trilhas, era conhecido antigamente como povoado de Serra de Santo Ant\u00f4nio do Itacambira\u00e7u. Em 1858 foi elevada a categoria de cidade com o atual nome. Segundo o secret\u00e1rio de cultura, Rog\u00e9rio Figueiredo, h\u00e1 oito meses a cidade \u00e9 resguardada pelo programa de resguarde do patrim\u00f4nio cultural da Associa\u00e7\u00e3o de Cidades Hist\u00f3ricas de Minas Gerais.<\/p>\n<p>Ainda de acordo com o secret\u00e1rio, \u00e9 esperado um granade n\u00famero de pessoas para prestigiar a festa, sobretudo o show do cantor Daniel.<\/p>\n<p>\u201cA expectativa de p\u00fablico \u00e9 de 10 a 15 mil pessoas s\u00f3 para o show do cantor Daniel. O palco est\u00e1 montado na mesma \u00e1rea em que \u00e9 feito o nosso carnaval. Hoje (sexta) j\u00e1 h\u00e1 uma grande movimenta\u00e7\u00e3o na cidade, mas acredito que no s\u00e1bado vir\u00e1 uma grande maioria das cidades vizinhas\u201d, afirma.<\/p>\n<p>Durante todo o m\u00eas houveram atividades em comemora\u00e7\u00e3o ao anivers\u00e1rio da cidade. O encerramento e concentra\u00e7\u00e3o da festa \u00e9 na Pra\u00e7a Beira Rio e est\u00e1 prevista shows e ainda prova de esporte radical. Confira programa\u00e7\u00e3o:<\/p>\n<p><strong>Sexta &#8211; 30\/05 (Palco principal)<\/strong><br \/>\n&#8211; Show De J\u00f3s e Dadin<br \/>\n&#8211; Show Banda Stigma<\/p>\n<p><strong>S\u00e1bado &#8211; 31 \/05 (Palco principal)<\/strong><br \/>\n&#8211; Mega Show do Cantor \u201cDaniel\u201d<br \/>\n&#8211; Show de Edmilson Batista<\/p>\n<p><strong>Domingo &#8211; 01\/06<\/strong><br \/>\n\u2013 8h &#8211; 10\u00ba Trilh\u00e3o de Moto de Gr\u00e3o Mogol e corrida r\u00fastica na Serra do Bar\u00e3o<\/p>\n","protected":false},"excerpt":{"rendered":"<p>Evento ser\u00e1 realizado na Pra\u00e7a Beira Rio. Munic\u00edpio \u00e9 rico em belezas naturais como cachoeiras, s\u00edtios arqueol\u00f3gicos. Gr\u00e3o Mogol a cidade conhecida como &#8220;diamante do sert\u00e3o mineiro&#8221;, a 151 km de Monte Claros, comemora no m\u00eas de maio seu 156\u00b0 anivers\u00e1rio. Para comemorar a data v\u00e1rias atra\u00e7\u00f5es est\u00e3o programadas para \u00faltimo fim de semana de [&hellip;]<\/p>\n","protected":false},"author":1,"featured_media":30626,"comment_status":"open","ping_status":"closed","sticky":false,"template":"","format":"standard","meta":{"amp_status":"","footnotes":""},"categories":[125],"tags":[8259,1153,8258,496],"class_list":["post-30624","post","type-post","status-publish","format-standard","has-post-thumbnail","hentry","category-noticias","tag-156-aniversario-de-grao-mogol","tag-grao-mogol","tag-grao-mogol-encerra-festas-do-156-aniversario-com-show-de-daniel","tag-mae-joga-filho-recem-nascido-dentro-de-fossa-em-grao-mogol"],"_links":{"self":[{"href":"https:\/\/aconteceunovale.com.br\/portal\/index.php?rest_route=\/wp\/v2\/posts\/30624","targetHints":{"allow":["GET"]}}],"collection":[{"href":"https:\/\/aconteceunovale.com.br\/portal\/index.php?rest_route=\/wp\/v2\/posts"}],"about":[{"href":"https:\/\/aconteceunovale.com.br\/portal\/index.php?rest_route=\/wp\/v2\/types\/post"}],"author":[{"embeddable":true,"href":"https:\/\/aconteceunovale.com.br\/portal\/index.php?rest_route=\/wp\/v2\/users\/1"}],"replies":[{"embeddable":true,"href":"https:\/\/aconteceunovale.com.br\/portal\/index.php?rest_route=%2Fwp%2Fv2%2Fcomments&post=30624"}],"version-history":[{"count":0,"href":"https:\/\/aconteceunovale.com.br\/portal\/index.php?rest_route=\/wp\/v2\/posts\/30624\/revisions"}],"wp:featuredmedia":[{"embeddable":true,"href":"https:\/\/aconteceunovale.com.br\/portal\/index.php?rest_route=\/wp\/v2\/media\/30626"}],"wp:attachment":[{"href":"https:\/\/aconteceunovale.com.br\/portal\/index.php?rest_route=%2Fwp%2Fv2%2Fmedia&parent=30624"}],"wp:term":[{"taxonomy":"category","embeddable":true,"href":"https:\/\/aconteceunovale.com.br\/portal\/index.php?rest_route=%2Fwp%2Fv2%2Fcategories&post=30624"},{"taxonomy":"post_tag","embeddable":true,"href":"https:\/\/aconteceunovale.com.br\/portal\/index.php?rest_route=%2Fwp%2Fv2%2Ftags&post=30624"}],"curies":[{"name":"wp","href":"https:\/\/api.w.org\/{rel}","templated":true}]}}