{"id":30618,"date":"2014-05-30T15:33:41","date_gmt":"2014-05-30T18:33:41","guid":{"rendered":"http:\/\/aconteceunovale.com.br\/portal\/?p=30618"},"modified":"2014-05-30T15:37:39","modified_gmt":"2014-05-30T18:37:39","slug":"paulo-henrique-silva-a-copa-2014-o-seu-legado-e-as-eleicoes","status":"publish","type":"post","link":"https:\/\/aconteceunovale.com.br\/portal\/?p=30618","title":{"rendered":"Paulo Henrique Silva &#8211; A Copa 2014, o seu legado e as elei\u00e7\u00f5es"},"content":{"rendered":"<p>Em plena crise econ\u00f4mica mundial, no dia 30 de outubro de 2007, o Comit\u00ea Executivo da Fifa confirmou o Brasil como sede da Copa do Mundo de 2014.<\/p>\n<p>No ano anterior, em 2006, foi desencadeada a chamada Crise do subprime \u2013 os calotes no pagamento das hipotecas de im\u00f3veis &#8211; com o desequil\u00edbrio na maior economia do mundo, os Estados Unidos.<\/p>\n<p>A quebra do Lehman Brothers em setembro de 2008, uma institui\u00e7\u00e3o que havia sido fundada h\u00e1 158 anos e que ocupava o segundo posto de maior banco de investimentos dos Estados Unidos, alastrou a instabilidade para as bolsas de valores de todo o mundo.<\/p>\n<p>Por aqui, o ex-presidente Lula disse \u00e0 \u00e9poca, mais precisamente em outubro de 2008, que nos EUA a crise era um tsunami e que no Brasil, caso ela chegasse, seria uma \u201cmarolinha\u201d.<\/p>\n<p>Obviamente que foi muito criticado, at\u00e9 porque est\u00e1vamos em um processo de elei\u00e7\u00f5es municipais e sua declara\u00e7\u00e3o foi vista como inconsequente e motivada pelas quest\u00f5es eleitorais.<\/p>\n<p>Ent\u00e3o este era o cen\u00e1rio: desencadeamento da crise norte americana (2006), Brasil escolhido como sede da Copa 2014 (2007) e o \u00e1pice da 2\u00aa maior crise econ\u00f4mica mundial da hist\u00f3ria (2008).<\/p>\n<p>Realmente a crise econ\u00f4mica mundial n\u00e3o afetou o Brasil de forma arrasadora, gra\u00e7as \u00e0s escolhas feitas pelo Governo Federal para incentivar o consumo no mercado interno, com ganhos reais do sal\u00e1rio m\u00ednimo e pol\u00edtica social de distribui\u00e7\u00e3o de renda; gera\u00e7\u00e3o de empregos formais com desonera\u00e7\u00e3o de setores da economia e investimentos em infraestrutura, com obras espalhadas pelos quatro cantos do pa\u00eds.<\/p>\n<p>O Brasil manteve o crescimento econ\u00f4mico e o controle inflacion\u00e1rio, bem como aumentou suas reservas internacionais em d\u00f3lares, fechando 2013, por exemplo, com o dobro do valor do que obtiveram os EUA.<\/p>\n<p>Mesmo com estas conquistas, h\u00e1 a insist\u00eancia de determinados setores, como a grande m\u00eddia, em enaltecer que a Copa 2014 n\u00e3o deixar\u00e1 nenhum, ou poucos, legados para o pa\u00eds. <\/p>\n<p>Tudo uma quest\u00e3o de \u00f3tica.<\/p>\n<p>Se a vis\u00e3o for pessimista e acompanhada do derrotismo caracter\u00edstico da s\u00edndrome de vira-latas que \u00e9 imposta pela elite \u00e0 sociedade brasileira, realmente entendem-se determinadas opini\u00f5es, mesmo sendo um pano de fundo para outros reais desejos. <\/p>\n<p>Oras, como um pa\u00eds que, segundo a Funda\u00e7\u00e3o Get\u00falio Vargas, ter\u00e1 em 2030, uma demanda de 312 milh\u00f5es de usu\u00e1rios\/ano, ante os 130 milh\u00f5es atuais, consolidando-se como o terceiro maior mercado de transporte a\u00e9reo de passageiros dom\u00e9sticos do mundo, pode querer ampliar e\/ou construir aeroportos apenas para receber os turistas estrangeiros durante a Copa do Mundo? <\/p>\n<p>Um exemplo claro da disputa pol\u00edtica em jogo \u00e9 a amplia\u00e7\u00e3o do Metr\u00f4 de Belo Horizonte. <\/p>\n<p>Sempre responsabilizando a Uni\u00e3o pelo atraso na expans\u00e3o, o Governo de Minas Gerais entregou no dia 15\/05\/2014 o projeto da chamada Linha 3, que ligar\u00e1 a Esta\u00e7\u00e3o Lagoinha \u00e0 Savassi. <\/p>\n<p>Pois bem, uma semana depois, a Caixa Econ\u00f4mica Federal, gestora financeira, devolveu o projeto ao governo mineiro, pois ele estava incompleto, com uma s\u00e9rie de pend\u00eancias documentais, como o or\u00e7amento e o cronograma da obra.<\/p>\n<p>A\u00ed fica a pergunta: como pode uma equipe t\u00e9cnica de uma Unidade da Federa\u00e7\u00e3o com a import\u00e2ncia de Minas Gerais, entregar um projeto para a Uni\u00e3o sem or\u00e7amento e cronograma de execu\u00e7\u00e3o?<\/p>\n<p>Quem se beneficia de uma falha grotesca como esta? <\/p>\n<p>Com certeza n\u00e3o s\u00e3o os usu\u00e1rios.<\/p>\n<p>Enfim, a Copa 2014 serviu para antecipar investimentos que j\u00e1 se faziam necess\u00e1rios devido \u00e0 pujan\u00e7a do nosso pa\u00eds e n\u00e3o para servirem apenas como legado do evento.<\/p>\n<p>O que a popula\u00e7\u00e3o deseja \u00e9 a conquista permanente de legados, ininterruptos, sem v\u00ednculo com o calend\u00e1rio eleitoral, t\u00e3o pouco como instrumento de barganha de votos.<\/p>\n<p>Precisamos estar atentos, em ano eleitoral, a todos os movimentos da classe pol\u00edtica e, principalmente, identificar nos munic\u00edpios em que moramos, o que realmente esta sendo feito para melhorar a qualidade de vida da popula\u00e7\u00e3o.<\/p>\n<p>\u00c9 o velho ditado: um olho no peixe e outro no gato.<\/p>\n<p>Forte abra\u00e7o!<\/p>\n<p><a href=\"http:\/\/aconteceunovale.com.br\/portal\/?page_id=23196\" target=\"_blank\"><strong>[+] LEIA OUTROS ARTIGOS DO COLUNISTA<\/strong><\/a><\/p>\n","protected":false},"excerpt":{"rendered":"<p>Em plena crise econ\u00f4mica mundial, no dia 30 de outubro de 2007, o Comit\u00ea Executivo da Fifa confirmou o Brasil como sede da Copa do Mundo de 2014. No ano anterior, em 2006, foi desencadeada a chamada Crise do subprime \u2013 os calotes no pagamento das hipotecas de im\u00f3veis &#8211; com o desequil\u00edbrio na maior [&hellip;]<\/p>\n","protected":false},"author":1,"featured_media":30619,"comment_status":"open","ping_status":"closed","sticky":false,"template":"","format":"standard","meta":{"amp_status":"","footnotes":""},"categories":[4927],"tags":[5962,5649],"class_list":["post-30618","post","type-post","status-publish","format-standard","has-post-thumbnail","hentry","category-colunistas","tag-copa-2014","tag-copa-do-mundo-2014"],"_links":{"self":[{"href":"https:\/\/aconteceunovale.com.br\/portal\/index.php?rest_route=\/wp\/v2\/posts\/30618","targetHints":{"allow":["GET"]}}],"collection":[{"href":"https:\/\/aconteceunovale.com.br\/portal\/index.php?rest_route=\/wp\/v2\/posts"}],"about":[{"href":"https:\/\/aconteceunovale.com.br\/portal\/index.php?rest_route=\/wp\/v2\/types\/post"}],"author":[{"embeddable":true,"href":"https:\/\/aconteceunovale.com.br\/portal\/index.php?rest_route=\/wp\/v2\/users\/1"}],"replies":[{"embeddable":true,"href":"https:\/\/aconteceunovale.com.br\/portal\/index.php?rest_route=%2Fwp%2Fv2%2Fcomments&post=30618"}],"version-history":[{"count":0,"href":"https:\/\/aconteceunovale.com.br\/portal\/index.php?rest_route=\/wp\/v2\/posts\/30618\/revisions"}],"wp:featuredmedia":[{"embeddable":true,"href":"https:\/\/aconteceunovale.com.br\/portal\/index.php?rest_route=\/wp\/v2\/media\/30619"}],"wp:attachment":[{"href":"https:\/\/aconteceunovale.com.br\/portal\/index.php?rest_route=%2Fwp%2Fv2%2Fmedia&parent=30618"}],"wp:term":[{"taxonomy":"category","embeddable":true,"href":"https:\/\/aconteceunovale.com.br\/portal\/index.php?rest_route=%2Fwp%2Fv2%2Fcategories&post=30618"},{"taxonomy":"post_tag","embeddable":true,"href":"https:\/\/aconteceunovale.com.br\/portal\/index.php?rest_route=%2Fwp%2Fv2%2Ftags&post=30618"}],"curies":[{"name":"wp","href":"https:\/\/api.w.org\/{rel}","templated":true}]}}