{"id":30604,"date":"2014-05-30T14:45:29","date_gmt":"2014-05-30T17:45:29","guid":{"rendered":"http:\/\/aconteceunovale.com.br\/portal\/?p=30604"},"modified":"2014-05-30T14:45:29","modified_gmt":"2014-05-30T17:45:29","slug":"policia-militar-realiza-formatura-do-curso-especial-de-formacao-de-sargentos-em-teofilo-otoni","status":"publish","type":"post","link":"https:\/\/aconteceunovale.com.br\/portal\/?p=30604","title":{"rendered":"Pol\u00edcia Militar realiza formatura do curso especial de forma\u00e7\u00e3o de sargentos em Te\u00f3filo Otoni"},"content":{"rendered":"<p>A Pol\u00edcia Militar realizou na manh\u00e3 desta quinta-feira (29), na sede do 19\u00baBPM, a solenidade de formatura do Curso Especial de Forma\u00e7\u00e3o de Sargentos \u2013 CEFS 2014. Na abertura do evento o coronel Aroldo Pinheiro comandante da 15\u00aaRPM convidou a Banda de M\u00fasica da PM para iniciar a cerim\u00f4nia, momento em que os formandos, acompanhados de suas madrinhas entraram no recinto para ocuparem o lugar no dispositivo. Como forma de ressaltar a grandeza, a honra, o civismo e a soberania nacional, o publico entoou o Hino Nacional, sob a reg\u00eancia do capit\u00e3o Duarte.<\/p>\n<p>Em seguida foram convidados para ocupar a mesa de autoridades, o coronel Aroldo Pinheiro, o tenente-coronel Adirson, comandante do 19\u00ba BPM, Claudio Schiavo juiz da comarca de Itambacuri e paraninfo da turma, a prefeita de Malacacheta, Maria Ivone (PV), o presidente da C\u00e2mara Municipal de T. Otoni, vereador Northon Neiva (PMDB) e o chefe do 15\u00ba Departamento de Pol\u00edcia Civil, Alberto Tadeu. Tamb\u00e9m esteve presente o prefeito de Itambacuri, Vicente Guedes (PHS).<\/p>\n<p>Na sequ\u00eancia foi conduzido o momento mais importante da solenidade, o coroamento do \u00eaxito alcan\u00e7ado pelos formandos do Curso Especial de Forma\u00e7\u00e3o de Sargentos \u2013 CEFS 2014, e a t\u00e3o esperada aposi\u00e7\u00e3o de divisas, ocasi\u00e3o que foram chamados os militares Carlos Ant\u00f4nio de Macedo, Jos\u00e9 Geraldo Martins, Vanildo Silva de Jesus, Gilsinho Alves Magalh\u00e3es, Gilberto Alves dos Santos, Geraldo Ant\u00f4nio Neto, Jos\u00e9 Acl\u00ednio Gon\u00e7alves, Clemente Marques, Sandro Machado Vieira, Moacir Ferreira Filho, Jos\u00e9 Carlos Alves de Matos, Marinho Soares, M\u00e1rcio Rodrigues e S\u00e9rgio de Almeida.<\/p>\n<p>Em seguida o terceiro-sargento Sandro Machado Vieira, primeiro colocado do curso especial de Forma\u00e7\u00e3o de Sargentos, acompanhado de sua madrinha Deliane Barbosa da Costa foram convidados a se postarem em local de destaque, para que o paraninfo dos formandos o juiz Claudio Schiavo Cruz fizesse a entrega de um pr\u00eamio ao primeiro colocado pela honrosa classifica\u00e7\u00e3o.<\/p>\n<p>Ap\u00f3s a honraria foi a vez do juiz Cl\u00e1udio Schiavo receber uma homenagem das m\u00e3os do comandante da 15\u00aaRPM, coronel Aroldo Pinheiro.<\/p>\n<p>Sob a supervis\u00e3o do comandante da 221\u00aa CIA de ensino e treinamento, 1\u00ba tenente Joel de Almeida Sobrinho, os novos sargentos prestaram o compromisso regulamentar na conclus\u00e3o da solenidade.<\/p>\n<h4><strong>CEFS 2014<\/strong><\/h4>\n<p>O Curso Especial de Forma\u00e7\u00e3o de Sargentos realizado no 19\u00ba Batalh\u00e3o de Pol\u00edcia Militar \u00e9 coordenado pela Academia de Pol\u00edcia Militar, por meio da Escola de Forma\u00e7\u00e3o e Aperfei\u00e7oamento de Sargentos e tem como finalidade formar novos profissionais da manuten\u00e7\u00e3o da ordem p\u00fablica, habilitando-os a exercerem atividades de pol\u00edcia ostensiva. Prepara os discentes para uma qualifica\u00e7\u00e3o ecl\u00e9tica, com abrang\u00eancia fundamental nas disciplinas das ci\u00eancias humanas e sociais. O CEFS teve dura\u00e7\u00e3o aproximada de quatro meses e contou com a participa\u00e7\u00e3o de 14 cabos do quadro de pra\u00e7as da Pol\u00edcia Militar.<\/p>\n<p><em>(Fotos: Para\u00edba)<\/em><\/p>\n<p><img decoding=\"async\" src=\"http:\/\/aconteceunovale.com.br\/portal\/wp-content\/uploads\/2014\/05\/formacao_sargentos_teo_1.jpg\" alt=\"\" \/><br \/>\n<img decoding=\"async\" src=\"http:\/\/aconteceunovale.com.br\/portal\/wp-content\/uploads\/2014\/05\/formacao_sargentos_teo_2.jpg\" alt=\"\" \/><br \/>\n<img decoding=\"async\" src=\"http:\/\/aconteceunovale.com.br\/portal\/wp-content\/uploads\/2014\/05\/formacao_sargentos_teo_3.jpg\" alt=\"\" \/><br \/>\n<img decoding=\"async\" src=\"http:\/\/aconteceunovale.com.br\/portal\/wp-content\/uploads\/2014\/05\/formacao_sargentos_teo_4.jpg\" alt=\"\" \/><br \/>\n<img decoding=\"async\" src=\"http:\/\/aconteceunovale.com.br\/portal\/wp-content\/uploads\/2014\/05\/formacao_sargentos_teo_5.jpg\" alt=\"\" \/><br \/>\n<img decoding=\"async\" src=\"http:\/\/aconteceunovale.com.br\/portal\/wp-content\/uploads\/2014\/05\/formacao_sargentos_teo_6.jpg\" alt=\"\" \/><\/p>\n<p><strong>(Fonte: Di\u00e1rio de Te\u00f3filo Otoni)<\/strong><\/p>\n","protected":false},"excerpt":{"rendered":"<p>A Pol\u00edcia Militar realizou na manh\u00e3 desta quinta-feira (29), na sede do 19\u00baBPM, a solenidade de formatura do Curso Especial de Forma\u00e7\u00e3o de Sargentos \u2013 CEFS 2014. Na abertura do evento o coronel Aroldo Pinheiro comandante da 15\u00aaRPM convidou a Banda de M\u00fasica da PM para iniciar a cerim\u00f4nia, momento em que os formandos, acompanhados [&hellip;]<\/p>\n","protected":false},"author":1,"featured_media":30605,"comment_status":"open","ping_status":"closed","sticky":false,"template":"","format":"standard","meta":{"amp_status":"","footnotes":""},"categories":[122],"tags":[1018,8251,164],"class_list":["post-30604","post","type-post","status-publish","format-standard","has-post-thumbnail","hentry","category-mucuri","tag-destaque","tag-policia-militar-realiza-formatura-do-curso-especial-de-formacao-de-sargentos-em-teofilo-otoni","tag-teofilo-otoni"],"_links":{"self":[{"href":"https:\/\/aconteceunovale.com.br\/portal\/index.php?rest_route=\/wp\/v2\/posts\/30604","targetHints":{"allow":["GET"]}}],"collection":[{"href":"https:\/\/aconteceunovale.com.br\/portal\/index.php?rest_route=\/wp\/v2\/posts"}],"about":[{"href":"https:\/\/aconteceunovale.com.br\/portal\/index.php?rest_route=\/wp\/v2\/types\/post"}],"author":[{"embeddable":true,"href":"https:\/\/aconteceunovale.com.br\/portal\/index.php?rest_route=\/wp\/v2\/users\/1"}],"replies":[{"embeddable":true,"href":"https:\/\/aconteceunovale.com.br\/portal\/index.php?rest_route=%2Fwp%2Fv2%2Fcomments&post=30604"}],"version-history":[{"count":0,"href":"https:\/\/aconteceunovale.com.br\/portal\/index.php?rest_route=\/wp\/v2\/posts\/30604\/revisions"}],"wp:featuredmedia":[{"embeddable":true,"href":"https:\/\/aconteceunovale.com.br\/portal\/index.php?rest_route=\/wp\/v2\/media\/30605"}],"wp:attachment":[{"href":"https:\/\/aconteceunovale.com.br\/portal\/index.php?rest_route=%2Fwp%2Fv2%2Fmedia&parent=30604"}],"wp:term":[{"taxonomy":"category","embeddable":true,"href":"https:\/\/aconteceunovale.com.br\/portal\/index.php?rest_route=%2Fwp%2Fv2%2Fcategories&post=30604"},{"taxonomy":"post_tag","embeddable":true,"href":"https:\/\/aconteceunovale.com.br\/portal\/index.php?rest_route=%2Fwp%2Fv2%2Ftags&post=30604"}],"curies":[{"name":"wp","href":"https:\/\/api.w.org\/{rel}","templated":true}]}}