{"id":30592,"date":"2014-05-30T14:35:56","date_gmt":"2014-05-30T17:35:56","guid":{"rendered":"http:\/\/aconteceunovale.com.br\/portal\/?p=30592"},"modified":"2014-05-30T14:35:56","modified_gmt":"2014-05-30T17:35:56","slug":"instituto-federal-realiza-pesquisa-de-opiniao-sobre-implantacao-de-cursos-em-teofilo-otoni","status":"publish","type":"post","link":"https:\/\/aconteceunovale.com.br\/portal\/?p=30592","title":{"rendered":"Instituto Federal realiza pesquisa de opini\u00e3o sobre implanta\u00e7\u00e3o de cursos em Te\u00f3filo Otoni"},"content":{"rendered":"<p>Representantes do Instituto Federal Norte de Minas Gerais (IFNMG) promoveram esta semana na Pra\u00e7a Tiradentes, no Centro, uma pesquisa de opini\u00e3o sobre a oferta de cursos no campus Te\u00f3filo Otoni. Segundo o diretor de Ensino do IFNMG, Ricardo Magalh\u00e3es Dias Cardoso, o levantamento vai ajudar a definir a oferta de cursos no campus do IFNMG que est\u00e1 sendo implantado na cidade. <\/p>\n<p>Durante a \u00faltima quinta-feira, os interessados em manifestar opini\u00e3o sobre as demandas de cursos responderam a um question\u00e1rio distribu\u00eddo pela coordena\u00e7\u00e3o do Instituto Federal. Dentro do caminh\u00e3o adaptado do IFNMG os estudantes responderam \u00e0s quest\u00f5es, como preenchimento de informa\u00e7\u00f5es pessoais, n\u00edvel de escolaridade, tipo de escola frequentada, sugest\u00e3o para funcionamento do curso t\u00e9cnico, e, principalmente, quais cursos dever\u00e3o ser disponibilizados no campus Te\u00f3filo Otoni. <\/p>\n<p>\u201cOs dados levantados por meio do question\u00e1rio eletr\u00f4nico e as demandas captadas durante a pesquisa de opini\u00e3o e demais reuni\u00f5es e contatos que est\u00e3o sendo feitos servir\u00e3o para subsidiar a escolha dos cursos que ser\u00e3o efetivamente implantados no campus Te\u00f3filo Otoni\u201d, explicou Ricardo Magalh\u00e3es.<\/p>\n<p>Por sua vez, o diretor de Ensino do Instituto Federal revelou que, essa defini\u00e7\u00e3o dever\u00e1 levar em conta, ainda, outros fatores, como a necessidade de atua\u00e7\u00e3o do IFNMG com base nos arranjos produtivos locais e a oferta de cursos por outras institui\u00e7\u00f5es presentes na cidade e regi\u00e3o. Ainda segundo ele, os primeiros cursos t\u00e9cnicos presenciais do Campus Te\u00f3filo Otoni devem ser implantados no primeiro semestre de 2015.<\/p>\n<p>Nesta sexta-feira (30), a partir das 18h ser\u00e1 realizada uma Audi\u00eancia P\u00fablica na C\u00e2mara Municipal, para a escolha dos cursos a serem ministrados pelo Instituto Federal do Norte de Minas Gerais em Te\u00f3filo Otoni.<\/p>\n<p><img decoding=\"async\" src=\"http:\/\/aconteceunovale.com.br\/portal\/wp-content\/uploads\/2014\/05\/cursos_ifnmg_teo_30_05_1.jpg\" alt=\"\" \/><\/p>\n<p><img decoding=\"async\" src=\"http:\/\/aconteceunovale.com.br\/portal\/wp-content\/uploads\/2014\/05\/cursos_ifnmg_teo_30_05_2.jpg\" alt=\"\" \/><\/p>\n<p><img decoding=\"async\" src=\"http:\/\/aconteceunovale.com.br\/portal\/wp-content\/uploads\/2014\/05\/cursos_ifnmg_teo_30_05_3.jpg\" alt=\"\" \/><\/p>\n<p><strong>(Fotos e informa\u00e7\u00f5es do Di\u00e1rio de Te\u00f3filo Otoni)<\/strong><\/p>\n","protected":false},"excerpt":{"rendered":"<p>Representantes do Instituto Federal Norte de Minas Gerais (IFNMG) promoveram esta semana na Pra\u00e7a Tiradentes, no Centro, uma pesquisa de opini\u00e3o sobre a oferta de cursos no campus Te\u00f3filo Otoni. Segundo o diretor de Ensino do IFNMG, Ricardo Magalh\u00e3es Dias Cardoso, o levantamento vai ajudar a definir a oferta de cursos no campus do IFNMG [&hellip;]<\/p>\n","protected":false},"author":1,"featured_media":30593,"comment_status":"open","ping_status":"closed","sticky":false,"template":"","format":"standard","meta":{"amp_status":"","footnotes":""},"categories":[122],"tags":[1018,8249,164],"class_list":["post-30592","post","type-post","status-publish","format-standard","has-post-thumbnail","hentry","category-mucuri","tag-destaque","tag-instituto-federal-realiza-pesquisa-de-opiniao-sobre-implantacao-de-cursos-em-teofilo-otoni","tag-teofilo-otoni"],"_links":{"self":[{"href":"https:\/\/aconteceunovale.com.br\/portal\/index.php?rest_route=\/wp\/v2\/posts\/30592","targetHints":{"allow":["GET"]}}],"collection":[{"href":"https:\/\/aconteceunovale.com.br\/portal\/index.php?rest_route=\/wp\/v2\/posts"}],"about":[{"href":"https:\/\/aconteceunovale.com.br\/portal\/index.php?rest_route=\/wp\/v2\/types\/post"}],"author":[{"embeddable":true,"href":"https:\/\/aconteceunovale.com.br\/portal\/index.php?rest_route=\/wp\/v2\/users\/1"}],"replies":[{"embeddable":true,"href":"https:\/\/aconteceunovale.com.br\/portal\/index.php?rest_route=%2Fwp%2Fv2%2Fcomments&post=30592"}],"version-history":[{"count":0,"href":"https:\/\/aconteceunovale.com.br\/portal\/index.php?rest_route=\/wp\/v2\/posts\/30592\/revisions"}],"wp:featuredmedia":[{"embeddable":true,"href":"https:\/\/aconteceunovale.com.br\/portal\/index.php?rest_route=\/wp\/v2\/media\/30593"}],"wp:attachment":[{"href":"https:\/\/aconteceunovale.com.br\/portal\/index.php?rest_route=%2Fwp%2Fv2%2Fmedia&parent=30592"}],"wp:term":[{"taxonomy":"category","embeddable":true,"href":"https:\/\/aconteceunovale.com.br\/portal\/index.php?rest_route=%2Fwp%2Fv2%2Fcategories&post=30592"},{"taxonomy":"post_tag","embeddable":true,"href":"https:\/\/aconteceunovale.com.br\/portal\/index.php?rest_route=%2Fwp%2Fv2%2Ftags&post=30592"}],"curies":[{"name":"wp","href":"https:\/\/api.w.org\/{rel}","templated":true}]}}