{"id":30589,"date":"2014-05-30T14:23:28","date_gmt":"2014-05-30T17:23:28","guid":{"rendered":"http:\/\/aconteceunovale.com.br\/portal\/?p=30589"},"modified":"2014-05-30T14:23:28","modified_gmt":"2014-05-30T17:23:28","slug":"expojanauba-deve-movimentar-mais-de-r-60-milhoes-em-negocios","status":"publish","type":"post","link":"https:\/\/aconteceunovale.com.br\/portal\/?p=30589","title":{"rendered":"Exp\u00f4jana\u00faba deve movimentar mais de R$ 60 milh\u00f5es em neg\u00f3cios"},"content":{"rendered":"<h4><strong>Evento come\u00e7a nesta sexta-feira (30) com grandes shows e cavalgada. Confira agenda de shows e leil\u00f5es durante a exposi\u00e7\u00e3o.<\/strong><\/h4>\n<p><img decoding=\"async\" src=\"http:\/\/aconteceunovale.com.br\/portal\/wp-content\/uploads\/2014\/05\/bruno_e_marrone_expojanauba.jpg\" alt=\"\" \/><strong><em>Bruno e Marrone fazem show de abertura da Exp\u00f4jana\u00faba. (Foto: Silvio T\u00falio\/G1)<\/em><\/strong><br \/>\n<\/br><\/p>\n<p>Come\u00e7a nesta sexta-feira (30) uma das maiores feiras de agroneg\u00f3cio do Norte de Minas Gerais. Organizadores da 33\u00aa Exp\u00f4jana\u00faba esperam movimentar de R$ 60 a R$ 70 milh\u00f5es em neg\u00f3cios.<\/p>\n<p>Segundo o Sindicato dos Produtores Rurais de Jana\u00faba, que promove o evento, o ambiente \u00e9 favor\u00e1vel para a venda de gado de corte, que \u00e9 principal mercado da Expojana\u00faba, realizada no Parque de Exposi\u00e7\u00e3o Waldir Nunes, que fica na Rua S\u00e3o Pedro, 236.<\/p>\n<p>Ainda de acordo com o sindicato, o evento criou mais de 500 empregos diretos. A expectativa \u00e9 que durante estes 10 dias de exposi\u00e7\u00e3o, outros 1.500 empregos diretos sejam criados.<\/p>\n<p>Entre as atividades deste primeiro dia de evento est\u00e1 a 8\u00aa Cavalgada do Produtor Rural, logo pela manh\u00e3.<\/p>\n<p>No domingo (1\u00ba), \u00e0s 10h, ser\u00e1 realizada a 8\u00aa Feira Regional da Agricultura e Agroind\u00fastria Familiar.<\/p>\n<p>J\u00e1 o Rodeio da 33\u00aa Exp\u00f4jana\u00faba ser\u00e1 realizado entre os dias 5 e 8 de junho, a partir das 19h com acesso gratuito ao p\u00fablico. <\/p>\n<h4><strong>Passaporte e ingresso para os shows<\/strong><\/h4>\n<p>O valor do ingresso para os shows varia de R$ 20 a R$ 40. A venda dos passaportes foi encerrada no dia 20 de maio. Quem j\u00e1 adquiriu seu passaporte tem a acesso ilimitado ao  Parque de Exposi\u00e7\u00e3o.<\/p>\n<p>O show de abertura da exposi\u00e7\u00e3o \u00e9 comandado pela dupla Bruno e Marrone, e o ingresso individual para este show est\u00e1 sendo vendido pelo valor fixo de R$ 30.<\/p>\n<p>No s\u00e1bado (31), a noite \u00e9 do cantor Cristiano Ara\u00fajo, e o valor da entrada \u00e9 R$ 40. J\u00e1 no domingo (1\u00ba), o ingresso para o show da dupla Henrique e Juliano custa R$ 20.<\/p>\n<p>Nos dias 2 e 3 de junho, a entrada ser\u00e1 de gra\u00e7a, com a apresenta\u00e7\u00e3o de artistas regionais. Entre as atra\u00e7\u00f5es est\u00e1 o cantor Patrick Dias, Banda Interior Mineiro, Bui\u00fa e Banda e ainda Felipe Mairynk.<\/p>\n<p>Na quarta-feira (4), a entrada para a 33\u00aa Exp\u00f4jana\u00faba ser\u00e1 permitida a partir da doa\u00e7\u00e3o de um quilo de alimento n\u00e3o perec\u00edvel. Todos os alimentos arrecadados ser\u00e3o doados para entidades filantr\u00f3picas e de assist\u00eancia a fam\u00edlias carentes.<\/p>\n<p>Um dos shows mais aguardados \u00e9 da banda Rosa de Saron, que se apresenta na noite da quinta-feira (5). O ingresso pode ser adquirido pelo valor de R$ 20.<\/p>\n<p>O cantor Lucas Lucco se apresenta na sexta-feira (6), e o ingresso individual custa R$ 30. J\u00e1 o ingresso para a apresenta\u00e7\u00e3o da dupla Fernando e Sorocaba, no s\u00e1bado (7), custa R$ 40.<\/p>\n<p>E quem faz o show de encerramento da 33\u00aa Exp\u00f4jana\u00faba \u00e9 a dupla Gino e Geno. O ingresso individual para este show pode ser adquirido por R$ 20.<\/p>\n<p>Ainda durante todos os dias de evento haver\u00e1 uma programa\u00e7\u00e3o paralela, com diferentes atra\u00e7\u00f5es, no Camarote Vip.<\/p>\n<p>&#8220;Os convites ficam dispon\u00edveis somente nas bilheterias do Parque&#8221;, explica o organizador Wallison Freitas.<\/p>\n<h4><strong>Leil\u00f5es<\/strong><\/h4>\n<p>De acordo com o Sindicato dos Produtores Rurais de Jana\u00faba, o primeiro leil\u00e3o ser\u00e1 neste s\u00e1bado (31), \u00e0s 13h, que ofertar\u00e1 duas mil cabe\u00e7as de gado de corte.<\/p>\n<p>Na segunda (2), \u00e0s 20h, acontecer\u00e1 o 6\u00ba Leil\u00e3o da Fazenda Boa Esperan\u00e7a, por interm\u00e9dio do criador Isa\u00edas Gon\u00e7alves Dias, oferecendo duas mil cabe\u00e7as de gado nolore de corte.<\/p>\n<p>J\u00e1 na ter\u00e7a-feira (3), \u00e0s 20h, haver\u00e1 o 45\u00ba Leil\u00e3o Elite Nolore Colonial.<\/p>\n<p>Na quarta-feira (4), \u00e0s 20h, haver\u00e1 o 5\u00ba Leil\u00e3o 2 de Ouro, apresentando duas mil cabe\u00e7as de gado de corte, touros e matrizes nelore byo.<\/p>\n<p>E no dia 6 de junho, tamb\u00e9m \u00e0s 20h, haver\u00e1 o 5\u00aa Leil\u00e3o Elite Equ\u00eddeos Marcha e Galope, Manga-Larga Marchador, Pampa, Quarto de Milha e Paint Horse.<\/p>\n<p>Por fim, no dia 7 de julho, \u00e0s 13h, ser\u00e1 realizado o 5\u00aa Leil\u00e3o Nolore Premium com a oferta de duas mil cabe\u00e7as de gado de corte. <\/p>\n<p>(G1 \/ Inter TV)<\/p>\n","protected":false},"excerpt":{"rendered":"<p>Evento come\u00e7a nesta sexta-feira (30) com grandes shows e cavalgada. Confira agenda de shows e leil\u00f5es durante a exposi\u00e7\u00e3o. Bruno e Marrone fazem show de abertura da Exp\u00f4jana\u00faba. (Foto: Silvio T\u00falio\/G1) Come\u00e7a nesta sexta-feira (30) uma das maiores feiras de agroneg\u00f3cio do Norte de Minas Gerais. Organizadores da 33\u00aa Exp\u00f4jana\u00faba esperam movimentar de R$ 60 [&hellip;]<\/p>\n","protected":false},"author":1,"featured_media":30590,"comment_status":"open","ping_status":"closed","sticky":false,"template":"","format":"standard","meta":{"amp_status":"","footnotes":""},"categories":[125],"tags":[8248,8247,1018,8245,8246,8243,8244,8242,204],"class_list":["post-30589","post","type-post","status-publish","format-standard","has-post-thumbnail","hentry","category-noticias","tag-33a-expo-janauba","tag-33a-expojanauba","tag-destaque","tag-expo-janauba","tag-expo-janauba-2014","tag-expojanauba","tag-expojanauba-2014","tag-expojanauba-deve-movimentar-mais-de-r-60-milhoes-em-negocios","tag-janauba"],"_links":{"self":[{"href":"https:\/\/aconteceunovale.com.br\/portal\/index.php?rest_route=\/wp\/v2\/posts\/30589","targetHints":{"allow":["GET"]}}],"collection":[{"href":"https:\/\/aconteceunovale.com.br\/portal\/index.php?rest_route=\/wp\/v2\/posts"}],"about":[{"href":"https:\/\/aconteceunovale.com.br\/portal\/index.php?rest_route=\/wp\/v2\/types\/post"}],"author":[{"embeddable":true,"href":"https:\/\/aconteceunovale.com.br\/portal\/index.php?rest_route=\/wp\/v2\/users\/1"}],"replies":[{"embeddable":true,"href":"https:\/\/aconteceunovale.com.br\/portal\/index.php?rest_route=%2Fwp%2Fv2%2Fcomments&post=30589"}],"version-history":[{"count":0,"href":"https:\/\/aconteceunovale.com.br\/portal\/index.php?rest_route=\/wp\/v2\/posts\/30589\/revisions"}],"wp:featuredmedia":[{"embeddable":true,"href":"https:\/\/aconteceunovale.com.br\/portal\/index.php?rest_route=\/wp\/v2\/media\/30590"}],"wp:attachment":[{"href":"https:\/\/aconteceunovale.com.br\/portal\/index.php?rest_route=%2Fwp%2Fv2%2Fmedia&parent=30589"}],"wp:term":[{"taxonomy":"category","embeddable":true,"href":"https:\/\/aconteceunovale.com.br\/portal\/index.php?rest_route=%2Fwp%2Fv2%2Fcategories&post=30589"},{"taxonomy":"post_tag","embeddable":true,"href":"https:\/\/aconteceunovale.com.br\/portal\/index.php?rest_route=%2Fwp%2Fv2%2Ftags&post=30589"}],"curies":[{"name":"wp","href":"https:\/\/api.w.org\/{rel}","templated":true}]}}