{"id":30579,"date":"2014-05-30T13:36:30","date_gmt":"2014-05-30T16:36:30","guid":{"rendered":"http:\/\/aconteceunovale.com.br\/portal\/?p=30579"},"modified":"2014-05-30T13:39:14","modified_gmt":"2014-05-30T16:39:14","slug":"policia-civil-de-minas-gerais-recebe-90-veiculos-para-trabalhos-estrategicos","status":"publish","type":"post","link":"https:\/\/aconteceunovale.com.br\/portal\/?p=30579","title":{"rendered":"Pol\u00edcia Civil de Minas Gerais recebe 90 ve\u00edculos para trabalhos estrat\u00e9gicos"},"content":{"rendered":"<h4><strong>Com aportes de R$ 3,6 milh\u00f5es, medida tem o objetivo de refor\u00e7ar a seguran\u00e7a em todo o Estado, al\u00e9m de apoiar o trabalho de investiga\u00e7\u00e3o da corpora\u00e7\u00e3o<\/strong><\/h4>\n<p>Com investimentos de R$ 3,6 milh\u00f5es, o governador Alberto Pinto Coelho entregou, nesta sexta-feira (30\/05), na Cidade Administrativa, 90 ve\u00edculos para a Pol\u00edcia Civil, beneficiando 53 munic\u00edpios. S\u00e3o 70 Focus e 20 Sanderos, todos equipados para a atividade policial. Os ve\u00edculos n\u00e3o s\u00e3o caracterizados como viaturas, porque se destinam a trabalhos estrat\u00e9gicos, nos quais a presen\u00e7a do investigador deve ser mantida de forma velada.<\/p>\n<p>\u201cEsses carros v\u00e3o atender imediatamente mais de 50 munic\u00edpios, mas o total de ve\u00edculos adquiridos para as nossas for\u00e7as policiais, em 2013 e 2014, \u00e9 de 3.283 para atender Pol\u00edcia Militar, Pol\u00edcia Civil e Corpo de Bombeiros. Estamos preparando as nossas for\u00e7as policiais cada vez mais, aumentando os contingentes e qualificando-as tamb\u00e9m com treinamentos e ensinamentos permanentes para fazer face ao desafio da seguran\u00e7a p\u00fablica\u201d, destacou o governador.<\/p>\n<p>Dos equipamentos entregues nesta sexta-feira, 24 novos ve\u00edculos ser\u00e3o destinados para Belo Horizonte com o objetivo de refor\u00e7ar o trabalho de departamentos como os de investiga\u00e7\u00e3o de crimes contra o patrim\u00f4nio, de homic\u00eddios e de investiga\u00e7\u00e3o antidrogas. Dos munic\u00edpios da Regi\u00e3o Metropolitana, ser\u00e3o beneficiadas unidades policiais de Contagem, Betim, Ribeir\u00e3o das Neves, Ibirit\u00e9, Santa Luzia, Nova Lima, Sabar\u00e1 e Vespasiano.<\/p>\n<p>O chefe da Pol\u00edcia Civil, delegado-geral Oliveira Santiago Maciel, explicou os crit\u00e9rios que est\u00e3o sendo utilizados para a distribui\u00e7\u00e3o das viaturas entre os munic\u00edpios mineiros. \u201cFizemos um planejamento bastante espec\u00edfico, t\u00e9cnico institucional e criterioso. Estamos atendendo as 296 comarcas do Estado, que t\u00eam policiais civis e delegados, os munic\u00edpios que est\u00e3o envolvidos com a Copa do Mundo, e tamb\u00e9m os 15 munic\u00edpios tidos como os mais violentos. Todos esses crit\u00e9rios foram levados em conta\u201d, detalhou.<\/p>\n<p><img decoding=\"async\" src=\"http:\/\/aconteceunovale.com.br\/portal\/wp-content\/uploads\/2014\/05\/governador-alberto-pinto-coelho-entrega-90-veiculos-para-a-policia-civil.jpg\" alt=\"\" \/><em><strong>Ve\u00edculos n\u00e3o s\u00e3o caracterizados como viaturas, porque se destinam a trabalhos estrat\u00e9gicos &#8211; Foto: Omar Freire<\/strong><\/em><br \/>\n<\/br><\/p>\n<h4><strong>Renova\u00e7\u00e3o da frota<\/strong><\/h4>\n<p>Os novos ve\u00edculos integram o pacote de 436 viaturas j\u00e1 adquiridas pelo Governo de Minas, com investimentos de R$ 17,5 milh\u00f5es, a serem entregues at\u00e9 o final do ano. At\u00e9 o momento, j\u00e1 foram entregues 290 unidades. Em 2013, o governo estadual investiu R$ 12 milh\u00f5es na compra de 182 viaturas para a Pol\u00edcia Civil, al\u00e9m de R$ 4,3 milh\u00f5es para a aquisi\u00e7\u00e3o de 30 rabec\u00f5es para a capital e o interior. <\/p>\n<p>No total, em 2013 e 2014, o Governo de Minas est\u00e1 investindo R$ 165 milh\u00f5es para a compra de 3.283 viaturas, recursos que incluem aqueles provenientes de opera\u00e7\u00f5es de cr\u00e9dito e emendas parlamentares. S\u00e3o carros para as pol\u00edcias Civil e Militar e para os sistemas Prisional e Socioeducativo, a serem entregues at\u00e9 o final de 2014. <\/p>\n<p>O secret\u00e1rio de Estado de Defesa Social, R\u00f4mulo Ferraz, destacou que a entrega dos novos ve\u00edculos faz parte de um esfor\u00e7o maior do Governo de Minas nos \u00faltimos anos para a reposi\u00e7\u00e3o e renova\u00e7\u00e3o dos recursos materiais e humanos das for\u00e7as policiais. \u201cTemos uma s\u00e9rie de investimentos na \u00e1rea de log\u00edstica, de intelig\u00eancia, al\u00e9m de um esfor\u00e7o enorme, ao longo desse tempo, para a realiza\u00e7\u00e3o de todos os concursos poss\u00edveis para a Pol\u00edcia Civil. Tivemos uma posse expressiva de novos delegados e, agora, estamos com concurso em andamento para investigador, que ser\u00e1 uma reposi\u00e7\u00e3o tamb\u00e9m muito importante\u201d, afirmou. O Governo de Minas realizou ainda concurso para a contrata\u00e7\u00e3o de escriv\u00e3es e m\u00e9dicos legistas.<\/p>\n<h4><strong>Delegacia M\u00f3vel<\/strong><\/h4>\n<p>Durante a solenidade de entrega das viaturas, o governador Alberto Pinto Coelho visitou o interior do \u00f4nibus da Pol\u00edcia Civil, que ir\u00e1 funcionar como a primeira delegacia m\u00f3vel de Minas Gerais. A unidade tem previs\u00e3o para entrar em funcionamento durante a Copa do Mundo e conta com tecnologia suficiente para dar suporte \u00e0s pessoas que precisarem registrar ocorr\u00eancias.<\/p>\n<p>\u201cSer\u00e1 mais um legado que o Estado vai receber com a Copa do Mundo. A delegacia m\u00f3vel vai atuar em eventos do Mundial. Depois ir\u00e1 se integrar ao trabalho di\u00e1rio da Pol\u00edcia Civil, da mesma forma que o Centro Integrado de Comando e Controle, instalado na Cidade Administrativa, que permite o monitoramento de 1.380 pontos atrav\u00e9s de c\u00e2meras. Ser\u00e1 um importante instrumento para o per\u00edodo dos jogos e, posteriormente, uma ferramenta fundamental para a Regi\u00e3o Metropolitana de Belo Horizonte\u201d, afirmou Alberto Pinto Coelho.<\/p>\n<h4><strong>Distribui\u00e7\u00e3o dos 90 ve\u00edculos<\/strong><\/h4>\n<p>Sandero: Belo Horizonte (2), Contagem (1), Concei\u00e7\u00e3o do Mato Dentro (1), Prudente de Morais (1), Juiz de Fora (4), Uberaba (1), Governador Valadares (1), Uberl\u00e2ndia (4), S\u00e3o Gon\u00e7alo do Abaet\u00e9 (1), Montes Claros (1), Felixl\u00e2ndia (1), Sete Lagoas (1) e Aiuruoca (1).<\/p>\n<p>Focus: Belo Horizonte (22), Contagem (1), Betim (1), Ribeir\u00e3o das Neves (1), Ibirit\u00e9 (1), Vespasiano (2), Santa Luzia (1), Nova Lima (1), Sabar\u00e1 (1), Ub\u00e1 (1), Muria\u00e9 (1), Uberaba (2), Arax\u00e1 (1), Frutal (1), Lavras (1), Varginha (1), Tr\u00eas Cora\u00e7\u00f5es (1), Campo Belo (1), Divin\u00f3polis (1), Governador Valadares (2), Ituiutaba (1), Patos de Minas (1), Montes Claros (2), Janu\u00e1ria (1), Ipatinga (1), Caratinga (1), Jo\u00e3o Monlevade (1), Ponte Nova (1), Manhua\u00e7u (1), Barbacena (1), Conselheiro Lafaiete (1), S\u00e3o Jo\u00e3o del-Rei (1), Curvelo (1), Capelinha (1), Pedra Azul (1), Nanuque (1), Una\u00ed (1), Pouso Alegre (1), Itajub\u00e1 (1), S\u00e3o Louren\u00e7o (1), Po\u00e7os de Caldas (1), Alfenas (1), Passos (1), Guaxup\u00e9 (1) e S\u00e3o Sebasti\u00e3o do Para\u00edso (1).<\/p>\n","protected":false},"excerpt":{"rendered":"<p>Com aportes de R$ 3,6 milh\u00f5es, medida tem o objetivo de refor\u00e7ar a seguran\u00e7a em todo o Estado, al\u00e9m de apoiar o trabalho de investiga\u00e7\u00e3o da corpora\u00e7\u00e3o Com investimentos de R$ 3,6 milh\u00f5es, o governador Alberto Pinto Coelho entregou, nesta sexta-feira (30\/05), na Cidade Administrativa, 90 ve\u00edculos para a Pol\u00edcia Civil, beneficiando 53 munic\u00edpios. S\u00e3o [&hellip;]<\/p>\n","protected":false},"author":1,"featured_media":30580,"comment_status":"open","ping_status":"closed","sticky":false,"template":"","format":"standard","meta":{"amp_status":"","footnotes":""},"categories":[123],"tags":[194,132,237,628,956,8239,1271,247,201,205,1102,206,210,252,455,8238,8240,220,221,222],"class_list":["post-30579","post","type-post","status-publish","format-standard","has-post-thumbnail","hentry","category-gerais","tag-belo-horizonte","tag-capelinha","tag-caratinga","tag-conceicao-do-mato-dentro","tag-contagem","tag-entrega-de-veiculos-para-a-policia-civil-de-minas-gerais","tag-felixlandia","tag-governador-valadares","tag-ipatinga","tag-januaria","tag-joao-monlevade","tag-juiz-de-fora","tag-montes-claros","tag-nanuque","tag-pedra-azul","tag-policia-civil-de-minas-gerais-recebe-90-veiculos-para-trabalhos-estrategicos","tag-prudente-de-morais","tag-uberaba","tag-uberlandia","tag-unai"],"_links":{"self":[{"href":"https:\/\/aconteceunovale.com.br\/portal\/index.php?rest_route=\/wp\/v2\/posts\/30579","targetHints":{"allow":["GET"]}}],"collection":[{"href":"https:\/\/aconteceunovale.com.br\/portal\/index.php?rest_route=\/wp\/v2\/posts"}],"about":[{"href":"https:\/\/aconteceunovale.com.br\/portal\/index.php?rest_route=\/wp\/v2\/types\/post"}],"author":[{"embeddable":true,"href":"https:\/\/aconteceunovale.com.br\/portal\/index.php?rest_route=\/wp\/v2\/users\/1"}],"replies":[{"embeddable":true,"href":"https:\/\/aconteceunovale.com.br\/portal\/index.php?rest_route=%2Fwp%2Fv2%2Fcomments&post=30579"}],"version-history":[{"count":0,"href":"https:\/\/aconteceunovale.com.br\/portal\/index.php?rest_route=\/wp\/v2\/posts\/30579\/revisions"}],"wp:featuredmedia":[{"embeddable":true,"href":"https:\/\/aconteceunovale.com.br\/portal\/index.php?rest_route=\/wp\/v2\/media\/30580"}],"wp:attachment":[{"href":"https:\/\/aconteceunovale.com.br\/portal\/index.php?rest_route=%2Fwp%2Fv2%2Fmedia&parent=30579"}],"wp:term":[{"taxonomy":"category","embeddable":true,"href":"https:\/\/aconteceunovale.com.br\/portal\/index.php?rest_route=%2Fwp%2Fv2%2Fcategories&post=30579"},{"taxonomy":"post_tag","embeddable":true,"href":"https:\/\/aconteceunovale.com.br\/portal\/index.php?rest_route=%2Fwp%2Fv2%2Ftags&post=30579"}],"curies":[{"name":"wp","href":"https:\/\/api.w.org\/{rel}","templated":true}]}}