{"id":30564,"date":"2014-05-30T10:19:49","date_gmt":"2014-05-30T13:19:49","guid":{"rendered":"http:\/\/aconteceunovale.com.br\/portal\/?p=30564"},"modified":"2014-05-30T10:19:49","modified_gmt":"2014-05-30T13:19:49","slug":"grupos-de-sabinopolis-e-virginopolis-estao-entre-as-atracoes-do-armazem-da-viola-em-ipatinga","status":"publish","type":"post","link":"https:\/\/aconteceunovale.com.br\/portal\/?p=30564","title":{"rendered":"Grupos de Sabin\u00f3polis e Virgin\u00f3polis est\u00e3o entre as atra\u00e7\u00f5es do Armaz\u00e9m da Viola em Ipatinga"},"content":{"rendered":"<p>Depois de circular pelas cidades de Guanh\u00e3es, Sabin\u00f3polis, Virgin\u00f3polis e Pe\u00e7anha o Armaz\u00e9m da Viola escala um time de grupos musicais de primeira categoria para apresentar o melhor da m\u00fasica sertaneja de raiz no teatro do Centro Cultural Usiminas.<\/p>\n<p>A \u201csele\u00e7\u00e3o\u201d do compadre Ademar \u00e9 composta pela prata da casa e re\u00fane quatro times de instrumentistas, comandados por Bruno Caipira de Tim\u00f3teo, Luiz Henrique e Marcos Viola de Virgin\u00f3polis, Gracinha Sertaneja de Ipatinga e Osmar e Banda de Sabin\u00f3polis.<\/p>\n<p>Na sexta-feira, 30 de maio, o projeto recebe Bruno Caipira (Tim\u00f3teo) e o jovens m\u00fasicos Luiz Henrique e Marcos Viola (Virgin\u00f3polis). <\/p>\n<p>No s\u00e1bado (31) mais dois grupos se revezam no palco do Centro Cultural Usiminas. Gracinha Sertaneja \u00e9 a representante de Ipatinga. De Sabin\u00f3polis o Armaz\u00e9m recebe Osmar e Banda.<\/p>\n<p>Nesta edi\u00e7\u00e3o o Armaz\u00e9m da Viola utiliza recursos da Lei Federal de Incentivo \u00e0 Cultura. Conta com o apoio do Minist\u00e9rio da Cultura e Instituto Cenibra. O patroc\u00ednio da \u00e9 da Cenibra e a realiza\u00e7\u00e3o de Ademar Pinto Coelho e Governo Federal, por meio da Lei Federal de Incentivo \u00e0 Cultura. <\/p>\n<p><img decoding=\"async\" src=\"http:\/\/aconteceunovale.com.br\/portal\/wp-content\/uploads\/2014\/05\/armazem_viola_ipatinga_30_05_1.jpg\" alt=\"\" \/><br \/>\n<img decoding=\"async\" src=\"http:\/\/aconteceunovale.com.br\/portal\/wp-content\/uploads\/2014\/05\/armazem_viola_ipatinga_30_05_2.jpg\" alt=\"\" \/><br \/>\n<img decoding=\"async\" src=\"http:\/\/aconteceunovale.com.br\/portal\/wp-content\/uploads\/2014\/05\/armazem_viola_ipatinga_30_05_3.jpg\" alt=\"\" \/><br \/>\n<img decoding=\"async\" src=\"http:\/\/aconteceunovale.com.br\/portal\/wp-content\/uploads\/2014\/05\/armazem_viola_ipatinga_30_05_4.jpg\" alt=\"\" \/><\/p>\n<p><strong>(Fonte: Armaz\u00e9m da Viola \/ Folha de Guanh\u00e3es)<\/strong><\/p>\n","protected":false},"excerpt":{"rendered":"<p>Depois de circular pelas cidades de Guanh\u00e3es, Sabin\u00f3polis, Virgin\u00f3polis e Pe\u00e7anha o Armaz\u00e9m da Viola escala um time de grupos musicais de primeira categoria para apresentar o melhor da m\u00fasica sertaneja de raiz no teatro do Centro Cultural Usiminas. A \u201csele\u00e7\u00e3o\u201d do compadre Ademar \u00e9 composta pela prata da casa e re\u00fane quatro times de [&hellip;]<\/p>\n","protected":false},"author":1,"featured_media":30565,"comment_status":"open","ping_status":"closed","sticky":false,"template":"","format":"standard","meta":{"amp_status":"","footnotes":""},"categories":[125],"tags":[8233,8232,201,310,332],"class_list":["post-30564","post","type-post","status-publish","format-standard","has-post-thumbnail","hentry","category-noticias","tag-armazem-da-viola-em-ipatinga","tag-grupos-de-sabinopolis-e-virginopolis-estao-entre-as-atracoes-do-armazem-da-viola-em-ipatinga","tag-ipatinga","tag-sabinopolis","tag-virginopolis"],"_links":{"self":[{"href":"https:\/\/aconteceunovale.com.br\/portal\/index.php?rest_route=\/wp\/v2\/posts\/30564","targetHints":{"allow":["GET"]}}],"collection":[{"href":"https:\/\/aconteceunovale.com.br\/portal\/index.php?rest_route=\/wp\/v2\/posts"}],"about":[{"href":"https:\/\/aconteceunovale.com.br\/portal\/index.php?rest_route=\/wp\/v2\/types\/post"}],"author":[{"embeddable":true,"href":"https:\/\/aconteceunovale.com.br\/portal\/index.php?rest_route=\/wp\/v2\/users\/1"}],"replies":[{"embeddable":true,"href":"https:\/\/aconteceunovale.com.br\/portal\/index.php?rest_route=%2Fwp%2Fv2%2Fcomments&post=30564"}],"version-history":[{"count":0,"href":"https:\/\/aconteceunovale.com.br\/portal\/index.php?rest_route=\/wp\/v2\/posts\/30564\/revisions"}],"wp:featuredmedia":[{"embeddable":true,"href":"https:\/\/aconteceunovale.com.br\/portal\/index.php?rest_route=\/wp\/v2\/media\/30565"}],"wp:attachment":[{"href":"https:\/\/aconteceunovale.com.br\/portal\/index.php?rest_route=%2Fwp%2Fv2%2Fmedia&parent=30564"}],"wp:term":[{"taxonomy":"category","embeddable":true,"href":"https:\/\/aconteceunovale.com.br\/portal\/index.php?rest_route=%2Fwp%2Fv2%2Fcategories&post=30564"},{"taxonomy":"post_tag","embeddable":true,"href":"https:\/\/aconteceunovale.com.br\/portal\/index.php?rest_route=%2Fwp%2Fv2%2Ftags&post=30564"}],"curies":[{"name":"wp","href":"https:\/\/api.w.org\/{rel}","templated":true}]}}